{"id":1562,"date":"2026-03-17T14:09:04","date_gmt":"2026-03-17T13:09:04","guid":{"rendered":"https:\/\/jenatschgaragen.ch\/wollishofen\/?p=1562"},"modified":"2026-03-17T14:13:08","modified_gmt":"2026-03-17T13:13:08","slug":"reifenwechsel-und-fruehlingscheck","status":"publish","type":"post","link":"https:\/\/jenatschgaragen.ch\/wollishofen\/blog\/2026\/03\/17\/reifenwechsel-und-fruehlingscheck\/","title":{"rendered":"Reifenwechsel und Fr\u00fchlingscheck"},"content":{"rendered":"\t\t<div data-elementor-type=\"wp-post\" data-elementor-id=\"1562\" class=\"elementor elementor-1562\" data-elementor-post-type=\"post\">\n\t\t\t\t<div class=\"elementor-element elementor-element-3b7299a1 e-flex e-con-boxed e-con e-parent\" data-id=\"3b7299a1\" data-element_type=\"container\" data-e-type=\"container\">\n\t\t\t\t\t<div class=\"e-con-inner\">\n\t\t\t\t<div class=\"elementor-element elementor-element-76c72649 elementor-widget elementor-widget-text-editor\" data-id=\"76c72649\" data-element_type=\"widget\" data-e-type=\"widget\" data-widget_type=\"text-editor.default\">\n\t\t\t\t\t\t\t\t\t\n<div class=\"col-lg-10 p-0\">\n<div class=\"productTitleWrapper\">\n<h2>Jetzt zum Fr\u00fchlings-Check f\u00fcr CHF 49.\u2013 anmelden und gleich den Reifenwechsel terminieren.<\/h2>\n<\/div>\n<\/div>\n<div class=\"col-lg-8 p-0\">\n<p>Ein regelm\u00e4ssiger Fahrzeug-Check erh\u00f6ht nicht nur die Sicherheit, sondern hilft auch, kostspielige Reparaturen zu vermeiden und die Lebensdauer Ihres Fahrzeugs zu verl\u00e4ngern. Lassen Sie Ihr Fahrzeug gleich durch unsere spezialisierten Servicetechniker pr\u00fcfen.<br \/><br \/><strong>Der regelm\u00e4ssige Reifenwechsel<\/strong> ist wichtig f\u00fcr die Sicherheit und den optimalen Fahrkomfort. Wir beraten Sie gerne zu unserem breiten Reifen- und R\u00e4dersortiment.<br \/><br \/><strong>ReifenGarantie \u2013 24 Monate kostenlos<br \/><\/strong>Sollte sich beim Reifenwechsel zeigen, dass Ihr Reifenprofil stark abgenutzt ist und Sie neue Reifen ben\u00f6tigen, w\u00fcrden Sie beim Kauf neuer Reifen automatisch von der kostenlosen 24\u2011Monate\u2011ReifenGarantie profitieren. Sie w\u00e4ren gesch\u00fctzt vor Sch\u00e4den durch Bordsteinkanten, N\u00e4gel und sogar Vandalismus.<\/p>\n<\/div>\n\t\t\t\t\t\t\t\t<\/div>\n\t\t\t\t<div class=\"elementor-element elementor-element-789cd37 elementor-widget elementor-widget-button\" data-id=\"789cd37\" data-element_type=\"widget\" data-e-type=\"widget\" data-widget_type=\"button.default\">\n\t\t\t\t\t\t\t\t\t\t<a class=\"elementor-button elementor-button-link elementor-size-sm\" href=\"https:\/\/jenatschgarage-wollishofen.sopl.ch\/de\/\">\n\t\t\t\t\t\t<span class=\"elementor-button-content-wrapper\">\n\t\t\t\t\t\t\t\t\t<span class=\"elementor-button-text\">Jetzt Termin vereinbaren<\/span>\n\t\t\t\t\t<\/span>\n\t\t\t\t\t<\/a>\n\t\t\t\t\t\t\t\t<\/div>\n\t\t\t\t\t<\/div>\n\t\t\t\t<\/div>\n\t\t<div class=\"elementor-element elementor-element-70eec7f e-flex e-con-boxed e-con e-parent\" data-id=\"70eec7f\" data-element_type=\"container\" data-e-type=\"container\">\n\t\t\t\t\t<div class=\"e-con-inner\">\n\t\t\t\t<div class=\"elementor-element elementor-element-eddc17f elementor-widget elementor-widget-image\" data-id=\"eddc17f\" data-element_type=\"widget\" data-e-type=\"widget\" data-widget_type=\"image.default\">\n\t\t\t\t\t\t\t\t\t\t\t\t\t\t\t<img fetchpriority=\"high\" decoding=\"async\" width=\"800\" height=\"639\" src=\"https:\/\/jenatschgaragen.ch\/wollishofen\/wp-content\/uploads\/sites\/4\/2026\/03\/Reifenwechsel-Wollishofen-1024x818.png\" class=\"attachment-large size-large wp-image-1563\" alt=\"\" srcset=\"https:\/\/jenatschgaragen.ch\/wollishofen\/wp-content\/uploads\/sites\/4\/2026\/03\/Reifenwechsel-Wollishofen-1024x818.png 1024w, https:\/\/jenatschgaragen.ch\/wollishofen\/wp-content\/uploads\/sites\/4\/2026\/03\/Reifenwechsel-Wollishofen-300x240.png 300w, https:\/\/jenatschgaragen.ch\/wollishofen\/wp-content\/uploads\/sites\/4\/2026\/03\/Reifenwechsel-Wollishofen-768x614.png 768w, https:\/\/jenatschgaragen.ch\/wollishofen\/wp-content\/uploads\/sites\/4\/2026\/03\/Reifenwechsel-Wollishofen.png 1224w\" sizes=\"(max-width: 800px) 100vw, 800px\" \/>\t\t\t\t\t\t\t\t\t\t\t\t\t\t\t<\/div>\n\t\t\t\t\t<\/div>\n\t\t\t\t<\/div>\n\t\t\t\t<\/div>\n\t\t","protected":false},"excerpt":{"rendered":"<p>Jetzt zum Fr\u00fchlings-Check f\u00fcr CHF 49.\u2013 anmelden und gleich den Reifenwechsel terminieren. Ein regelm\u00e4ssiger Fahrzeug-Check erh\u00f6ht nicht nur die Sicherheit, sondern hilft auch, kostspielige Reparaturen zu vermeiden und die Lebensdauer Ihres Fahrzeugs zu verl\u00e4ngern. Lassen Sie Ihr Fahrzeug gleich durch unsere spezialisierten Servicetechniker pr\u00fcfen. Der regelm\u00e4ssige Reifenwechsel ist wichtig f\u00fcr die Sicherheit und den optimalen [&hellip;]<\/p>\n","protected":false},"author":2,"featured_media":1564,"comment_status":"closed","ping_status":"open","sticky":false,"template":"","format":"standard","meta":{"footnotes":""},"categories":[10],"tags":[],"class_list":["post-1562","post","type-post","status-publish","format-standard","has-post-thumbnail","hentry","category-jenatschgarage-zuerich-wollishofen"],"yoast_head":"<!-- This site is optimized with the Yoast SEO plugin v27.2 - https:\/\/yoast.com\/product\/yoast-seo-wordpress\/ -->\n<title>Reifenwechsel und Fr\u00fchlingscheck - Jenatschgarage Z\u00fcrich-Wollishofen<\/title>\n<meta name=\"description\" content=\"Reifenwechsel und Fr\u00fchlingscheck in Wollishofen f\u00fcr Volkswagen Audi und Skoda. Vertrauen Sie uns Ihr Fahrzeug an. Wir sind Ihre Experten.\" \/>\n<meta name=\"robots\" content=\"index, follow, max-snippet:-1, max-image-preview:large, max-video-preview:-1\" \/>\n<link rel=\"canonical\" href=\"https:\/\/jenatschgaragen.ch\/wollishofen\/blog\/2026\/03\/17\/reifenwechsel-und-fruehlingscheck\/\" \/>\n<meta property=\"og:locale\" content=\"de_DE\" \/>\n<meta property=\"og:type\" content=\"article\" \/>\n<meta property=\"og:title\" content=\"Reifenwechsel und Fr\u00fchlingscheck - Jenatschgarage Z\u00fcrich-Wollishofen\" \/>\n<meta property=\"og:description\" content=\"Reifenwechsel und Fr\u00fchlingscheck in Wollishofen f\u00fcr Volkswagen Audi und Skoda. Vertrauen Sie uns Ihr Fahrzeug an. Wir sind Ihre Experten.\" \/>\n<meta property=\"og:url\" content=\"https:\/\/jenatschgaragen.ch\/wollishofen\/blog\/2026\/03\/17\/reifenwechsel-und-fruehlingscheck\/\" \/>\n<meta property=\"og:site_name\" content=\"Jenatschgarage Z\u00fcrich-Wollishofen\" \/>\n<meta property=\"article:published_time\" content=\"2026-03-17T13:09:04+00:00\" \/>\n<meta property=\"article:modified_time\" content=\"2026-03-17T13:13:08+00:00\" \/>\n<meta property=\"og:image\" content=\"https:\/\/jenatschgaragen.ch\/wollishofen\/wp-content\/uploads\/sites\/4\/2026\/03\/Service_DL_Skoda_Header_dfi.jpg\" \/>\n\t<meta property=\"og:image:width\" content=\"1920\" \/>\n\t<meta property=\"og:image:height\" content=\"697\" \/>\n\t<meta property=\"og:image:type\" content=\"image\/jpeg\" \/>\n<meta name=\"author\" content=\"effecto\" \/>\n<meta name=\"twitter:card\" content=\"summary_large_image\" \/>\n<meta name=\"twitter:label1\" content=\"Geschrieben von\" \/>\n\t<meta name=\"twitter:data1\" content=\"effecto\" \/>\n\t<meta name=\"twitter:label2\" content=\"Gesch\u00e4tzte Lesezeit\" \/>\n\t<meta name=\"twitter:data2\" content=\"1\u00a0Minute\" \/>\n<script type=\"application\/ld+json\" class=\"yoast-schema-graph\">{\"@context\":\"https:\/\/schema.org\",\"@graph\":[{\"@type\":\"Article\",\"@id\":\"https:\/\/jenatschgaragen.ch\/wollishofen\/blog\/2026\/03\/17\/reifenwechsel-und-fruehlingscheck\/#article\",\"isPartOf\":{\"@id\":\"https:\/\/jenatschgaragen.ch\/wollishofen\/blog\/2026\/03\/17\/reifenwechsel-und-fruehlingscheck\/\"},\"author\":{\"name\":\"effecto\",\"@id\":\"https:\/\/jenatschgaragen.ch\/wollishofen\/#\/schema\/person\/ac96f832728213eb3b64978e20b969be\"},\"headline\":\"Reifenwechsel und Fr\u00fchlingscheck\",\"datePublished\":\"2026-03-17T13:09:04+00:00\",\"dateModified\":\"2026-03-17T13:13:08+00:00\",\"mainEntityOfPage\":{\"@id\":\"https:\/\/jenatschgaragen.ch\/wollishofen\/blog\/2026\/03\/17\/reifenwechsel-und-fruehlingscheck\/\"},\"wordCount\":130,\"publisher\":{\"@id\":\"https:\/\/jenatschgaragen.ch\/wollishofen\/#organization\"},\"image\":{\"@id\":\"https:\/\/jenatschgaragen.ch\/wollishofen\/blog\/2026\/03\/17\/reifenwechsel-und-fruehlingscheck\/#primaryimage\"},\"thumbnailUrl\":\"https:\/\/jenatschgaragen.ch\/wollishofen\/wp-content\/uploads\/sites\/4\/2026\/03\/Service_DL_Skoda_Header_dfi.jpg\",\"articleSection\":[\"Jenatschgarage Z\u00fcrich-Wollishofen\"],\"inLanguage\":\"de-CH\"},{\"@type\":\"WebPage\",\"@id\":\"https:\/\/jenatschgaragen.ch\/wollishofen\/blog\/2026\/03\/17\/reifenwechsel-und-fruehlingscheck\/\",\"url\":\"https:\/\/jenatschgaragen.ch\/wollishofen\/blog\/2026\/03\/17\/reifenwechsel-und-fruehlingscheck\/\",\"name\":\"Reifenwechsel und Fr\u00fchlingscheck - Jenatschgarage Z\u00fcrich-Wollishofen\",\"isPartOf\":{\"@id\":\"https:\/\/jenatschgaragen.ch\/wollishofen\/#website\"},\"primaryImageOfPage\":{\"@id\":\"https:\/\/jenatschgaragen.ch\/wollishofen\/blog\/2026\/03\/17\/reifenwechsel-und-fruehlingscheck\/#primaryimage\"},\"image\":{\"@id\":\"https:\/\/jenatschgaragen.ch\/wollishofen\/blog\/2026\/03\/17\/reifenwechsel-und-fruehlingscheck\/#primaryimage\"},\"thumbnailUrl\":\"https:\/\/jenatschgaragen.ch\/wollishofen\/wp-content\/uploads\/sites\/4\/2026\/03\/Service_DL_Skoda_Header_dfi.jpg\",\"datePublished\":\"2026-03-17T13:09:04+00:00\",\"dateModified\":\"2026-03-17T13:13:08+00:00\",\"description\":\"Reifenwechsel und Fr\u00fchlingscheck in Wollishofen f\u00fcr Volkswagen Audi und Skoda. Vertrauen Sie uns Ihr Fahrzeug an. Wir sind Ihre Experten.\",\"breadcrumb\":{\"@id\":\"https:\/\/jenatschgaragen.ch\/wollishofen\/blog\/2026\/03\/17\/reifenwechsel-und-fruehlingscheck\/#breadcrumb\"},\"inLanguage\":\"de-CH\",\"potentialAction\":[{\"@type\":\"ReadAction\",\"target\":[\"https:\/\/jenatschgaragen.ch\/wollishofen\/blog\/2026\/03\/17\/reifenwechsel-und-fruehlingscheck\/\"]}]},{\"@type\":\"ImageObject\",\"inLanguage\":\"de-CH\",\"@id\":\"https:\/\/jenatschgaragen.ch\/wollishofen\/blog\/2026\/03\/17\/reifenwechsel-und-fruehlingscheck\/#primaryimage\",\"url\":\"https:\/\/jenatschgaragen.ch\/wollishofen\/wp-content\/uploads\/sites\/4\/2026\/03\/Service_DL_Skoda_Header_dfi.jpg\",\"contentUrl\":\"https:\/\/jenatschgaragen.ch\/wollishofen\/wp-content\/uploads\/sites\/4\/2026\/03\/Service_DL_Skoda_Header_dfi.jpg\",\"width\":1920,\"height\":697},{\"@type\":\"BreadcrumbList\",\"@id\":\"https:\/\/jenatschgaragen.ch\/wollishofen\/blog\/2026\/03\/17\/reifenwechsel-und-fruehlingscheck\/#breadcrumb\",\"itemListElement\":[{\"@type\":\"ListItem\",\"position\":1,\"name\":\"Home\",\"item\":\"https:\/\/jenatschgaragen.ch\/wollishofen\/\"},{\"@type\":\"ListItem\",\"position\":2,\"name\":\"Reifenwechsel und Fr\u00fchlingscheck\"}]},{\"@type\":\"WebSite\",\"@id\":\"https:\/\/jenatschgaragen.ch\/wollishofen\/#website\",\"url\":\"https:\/\/jenatschgaragen.ch\/wollishofen\/\",\"name\":\"Jenatschgarage Z\u00fcrich-Wollishofen\",\"description\":\"Ihre Mobilit\u00e4ts-Experten in Z\u00fcrich-Wollishofen\\u2028\",\"publisher\":{\"@id\":\"https:\/\/jenatschgaragen.ch\/wollishofen\/#organization\"},\"potentialAction\":[{\"@type\":\"SearchAction\",\"target\":{\"@type\":\"EntryPoint\",\"urlTemplate\":\"https:\/\/jenatschgaragen.ch\/wollishofen\/?s={search_term_string}\"},\"query-input\":{\"@type\":\"PropertyValueSpecification\",\"valueRequired\":true,\"valueName\":\"search_term_string\"}}],\"inLanguage\":\"de-CH\"},{\"@type\":\"Organization\",\"@id\":\"https:\/\/jenatschgaragen.ch\/wollishofen\/#organization\",\"name\":\"Jenatschgarage Z\u00fcrich-Wollishofen\",\"url\":\"https:\/\/jenatschgaragen.ch\/wollishofen\/\",\"logo\":{\"@type\":\"ImageObject\",\"inLanguage\":\"de-CH\",\"@id\":\"https:\/\/jenatschgaragen.ch\/wollishofen\/#\/schema\/logo\/image\/\",\"url\":\"https:\/\/jenatschgaragen.ch\/wollishofen\/wp-content\/uploads\/sites\/4\/2026\/01\/logo-Jenatschgarage-Zuerich-Wollishofen.png\",\"contentUrl\":\"https:\/\/jenatschgaragen.ch\/wollishofen\/wp-content\/uploads\/sites\/4\/2026\/01\/logo-Jenatschgarage-Zuerich-Wollishofen.png\",\"width\":530,\"height\":110,\"caption\":\"Jenatschgarage Z\u00fcrich-Wollishofen\"},\"image\":{\"@id\":\"https:\/\/jenatschgaragen.ch\/wollishofen\/#\/schema\/logo\/image\/\"}},{\"@type\":\"Person\",\"@id\":\"https:\/\/jenatschgaragen.ch\/wollishofen\/#\/schema\/person\/ac96f832728213eb3b64978e20b969be\",\"name\":\"effecto\",\"image\":{\"@type\":\"ImageObject\",\"inLanguage\":\"de-CH\",\"@id\":\"https:\/\/secure.gravatar.com\/avatar\/bc7d33695d8af568f65c1431f7cf34b3392c3276f19e6e40712bde086b718bb4?s=96&d=mm&r=g\",\"url\":\"https:\/\/secure.gravatar.com\/avatar\/bc7d33695d8af568f65c1431f7cf34b3392c3276f19e6e40712bde086b718bb4?s=96&d=mm&r=g\",\"contentUrl\":\"https:\/\/secure.gravatar.com\/avatar\/bc7d33695d8af568f65c1431f7cf34b3392c3276f19e6e40712bde086b718bb4?s=96&d=mm&r=g\",\"caption\":\"effecto\"},\"url\":\"https:\/\/jenatschgaragen.ch\/wollishofen\/blog\/author\/effecto\/\"}]}<\/script>\n<!-- \/ Yoast SEO plugin. -->","yoast_head_json":{"title":"Reifenwechsel und Fr\u00fchlingscheck - Jenatschgarage Z\u00fcrich-Wollishofen","description":"Reifenwechsel und Fr\u00fchlingscheck in Wollishofen f\u00fcr Volkswagen Audi und Skoda. Vertrauen Sie uns Ihr Fahrzeug an. Wir sind Ihre Experten.","robots":{"index":"index","follow":"follow","max-snippet":"max-snippet:-1","max-image-preview":"max-image-preview:large","max-video-preview":"max-video-preview:-1"},"canonical":"https:\/\/jenatschgaragen.ch\/wollishofen\/blog\/2026\/03\/17\/reifenwechsel-und-fruehlingscheck\/","og_locale":"de_DE","og_type":"article","og_title":"Reifenwechsel und Fr\u00fchlingscheck - Jenatschgarage Z\u00fcrich-Wollishofen","og_description":"Reifenwechsel und Fr\u00fchlingscheck in Wollishofen f\u00fcr Volkswagen Audi und Skoda. Vertrauen Sie uns Ihr Fahrzeug an. Wir sind Ihre Experten.","og_url":"https:\/\/jenatschgaragen.ch\/wollishofen\/blog\/2026\/03\/17\/reifenwechsel-und-fruehlingscheck\/","og_site_name":"Jenatschgarage Z\u00fcrich-Wollishofen","article_published_time":"2026-03-17T13:09:04+00:00","article_modified_time":"2026-03-17T13:13:08+00:00","og_image":[{"width":1920,"height":697,"url":"https:\/\/jenatschgaragen.ch\/wollishofen\/wp-content\/uploads\/sites\/4\/2026\/03\/Service_DL_Skoda_Header_dfi.jpg","type":"image\/jpeg"}],"author":"effecto","twitter_card":"summary_large_image","twitter_misc":{"Geschrieben von":"effecto","Gesch\u00e4tzte Lesezeit":"1\u00a0Minute"},"schema":{"@context":"https:\/\/schema.org","@graph":[{"@type":"Article","@id":"https:\/\/jenatschgaragen.ch\/wollishofen\/blog\/2026\/03\/17\/reifenwechsel-und-fruehlingscheck\/#article","isPartOf":{"@id":"https:\/\/jenatschgaragen.ch\/wollishofen\/blog\/2026\/03\/17\/reifenwechsel-und-fruehlingscheck\/"},"author":{"name":"effecto","@id":"https:\/\/jenatschgaragen.ch\/wollishofen\/#\/schema\/person\/ac96f832728213eb3b64978e20b969be"},"headline":"Reifenwechsel und Fr\u00fchlingscheck","datePublished":"2026-03-17T13:09:04+00:00","dateModified":"2026-03-17T13:13:08+00:00","mainEntityOfPage":{"@id":"https:\/\/jenatschgaragen.ch\/wollishofen\/blog\/2026\/03\/17\/reifenwechsel-und-fruehlingscheck\/"},"wordCount":130,"publisher":{"@id":"https:\/\/jenatschgaragen.ch\/wollishofen\/#organization"},"image":{"@id":"https:\/\/jenatschgaragen.ch\/wollishofen\/blog\/2026\/03\/17\/reifenwechsel-und-fruehlingscheck\/#primaryimage"},"thumbnailUrl":"https:\/\/jenatschgaragen.ch\/wollishofen\/wp-content\/uploads\/sites\/4\/2026\/03\/Service_DL_Skoda_Header_dfi.jpg","articleSection":["Jenatschgarage Z\u00fcrich-Wollishofen"],"inLanguage":"de-CH"},{"@type":"WebPage","@id":"https:\/\/jenatschgaragen.ch\/wollishofen\/blog\/2026\/03\/17\/reifenwechsel-und-fruehlingscheck\/","url":"https:\/\/jenatschgaragen.ch\/wollishofen\/blog\/2026\/03\/17\/reifenwechsel-und-fruehlingscheck\/","name":"Reifenwechsel und Fr\u00fchlingscheck - Jenatschgarage Z\u00fcrich-Wollishofen","isPartOf":{"@id":"https:\/\/jenatschgaragen.ch\/wollishofen\/#website"},"primaryImageOfPage":{"@id":"https:\/\/jenatschgaragen.ch\/wollishofen\/blog\/2026\/03\/17\/reifenwechsel-und-fruehlingscheck\/#primaryimage"},"image":{"@id":"https:\/\/jenatschgaragen.ch\/wollishofen\/blog\/2026\/03\/17\/reifenwechsel-und-fruehlingscheck\/#primaryimage"},"thumbnailUrl":"https:\/\/jenatschgaragen.ch\/wollishofen\/wp-content\/uploads\/sites\/4\/2026\/03\/Service_DL_Skoda_Header_dfi.jpg","datePublished":"2026-03-17T13:09:04+00:00","dateModified":"2026-03-17T13:13:08+00:00","description":"Reifenwechsel und Fr\u00fchlingscheck in Wollishofen f\u00fcr Volkswagen Audi und Skoda. Vertrauen Sie uns Ihr Fahrzeug an. Wir sind Ihre Experten.","breadcrumb":{"@id":"https:\/\/jenatschgaragen.ch\/wollishofen\/blog\/2026\/03\/17\/reifenwechsel-und-fruehlingscheck\/#breadcrumb"},"inLanguage":"de-CH","potentialAction":[{"@type":"ReadAction","target":["https:\/\/jenatschgaragen.ch\/wollishofen\/blog\/2026\/03\/17\/reifenwechsel-und-fruehlingscheck\/"]}]},{"@type":"ImageObject","inLanguage":"de-CH","@id":"https:\/\/jenatschgaragen.ch\/wollishofen\/blog\/2026\/03\/17\/reifenwechsel-und-fruehlingscheck\/#primaryimage","url":"https:\/\/jenatschgaragen.ch\/wollishofen\/wp-content\/uploads\/sites\/4\/2026\/03\/Service_DL_Skoda_Header_dfi.jpg","contentUrl":"https:\/\/jenatschgaragen.ch\/wollishofen\/wp-content\/uploads\/sites\/4\/2026\/03\/Service_DL_Skoda_Header_dfi.jpg","width":1920,"height":697},{"@type":"BreadcrumbList","@id":"https:\/\/jenatschgaragen.ch\/wollishofen\/blog\/2026\/03\/17\/reifenwechsel-und-fruehlingscheck\/#breadcrumb","itemListElement":[{"@type":"ListItem","position":1,"name":"Home","item":"https:\/\/jenatschgaragen.ch\/wollishofen\/"},{"@type":"ListItem","position":2,"name":"Reifenwechsel und Fr\u00fchlingscheck"}]},{"@type":"WebSite","@id":"https:\/\/jenatschgaragen.ch\/wollishofen\/#website","url":"https:\/\/jenatschgaragen.ch\/wollishofen\/","name":"Jenatschgarage Z\u00fcrich-Wollishofen","description":"Ihre Mobilit\u00e4ts-Experten in Z\u00fcrich-Wollishofen\u2028","publisher":{"@id":"https:\/\/jenatschgaragen.ch\/wollishofen\/#organization"},"potentialAction":[{"@type":"SearchAction","target":{"@type":"EntryPoint","urlTemplate":"https:\/\/jenatschgaragen.ch\/wollishofen\/?s={search_term_string}"},"query-input":{"@type":"PropertyValueSpecification","valueRequired":true,"valueName":"search_term_string"}}],"inLanguage":"de-CH"},{"@type":"Organization","@id":"https:\/\/jenatschgaragen.ch\/wollishofen\/#organization","name":"Jenatschgarage Z\u00fcrich-Wollishofen","url":"https:\/\/jenatschgaragen.ch\/wollishofen\/","logo":{"@type":"ImageObject","inLanguage":"de-CH","@id":"https:\/\/jenatschgaragen.ch\/wollishofen\/#\/schema\/logo\/image\/","url":"https:\/\/jenatschgaragen.ch\/wollishofen\/wp-content\/uploads\/sites\/4\/2026\/01\/logo-Jenatschgarage-Zuerich-Wollishofen.png","contentUrl":"https:\/\/jenatschgaragen.ch\/wollishofen\/wp-content\/uploads\/sites\/4\/2026\/01\/logo-Jenatschgarage-Zuerich-Wollishofen.png","width":530,"height":110,"caption":"Jenatschgarage Z\u00fcrich-Wollishofen"},"image":{"@id":"https:\/\/jenatschgaragen.ch\/wollishofen\/#\/schema\/logo\/image\/"}},{"@type":"Person","@id":"https:\/\/jenatschgaragen.ch\/wollishofen\/#\/schema\/person\/ac96f832728213eb3b64978e20b969be","name":"effecto","image":{"@type":"ImageObject","inLanguage":"de-CH","@id":"https:\/\/secure.gravatar.com\/avatar\/bc7d33695d8af568f65c1431f7cf34b3392c3276f19e6e40712bde086b718bb4?s=96&d=mm&r=g","url":"https:\/\/secure.gravatar.com\/avatar\/bc7d33695d8af568f65c1431f7cf34b3392c3276f19e6e40712bde086b718bb4?s=96&d=mm&r=g","contentUrl":"https:\/\/secure.gravatar.com\/avatar\/bc7d33695d8af568f65c1431f7cf34b3392c3276f19e6e40712bde086b718bb4?s=96&d=mm&r=g","caption":"effecto"},"url":"https:\/\/jenatschgaragen.ch\/wollishofen\/blog\/author\/effecto\/"}]}},"_links":{"self":[{"href":"https:\/\/jenatschgaragen.ch\/wollishofen\/wp-json\/wp\/v2\/posts\/1562","targetHints":{"allow":["GET"]}}],"collection":[{"href":"https:\/\/jenatschgaragen.ch\/wollishofen\/wp-json\/wp\/v2\/posts"}],"about":[{"href":"https:\/\/jenatschgaragen.ch\/wollishofen\/wp-json\/wp\/v2\/types\/post"}],"author":[{"embeddable":true,"href":"https:\/\/jenatschgaragen.ch\/wollishofen\/wp-json\/wp\/v2\/users\/2"}],"replies":[{"embeddable":true,"href":"https:\/\/jenatschgaragen.ch\/wollishofen\/wp-json\/wp\/v2\/comments?post=1562"}],"version-history":[{"count":7,"href":"https:\/\/jenatschgaragen.ch\/wollishofen\/wp-json\/wp\/v2\/posts\/1562\/revisions"}],"predecessor-version":[{"id":1572,"href":"https:\/\/jenatschgaragen.ch\/wollishofen\/wp-json\/wp\/v2\/posts\/1562\/revisions\/1572"}],"wp:featuredmedia":[{"embeddable":true,"href":"https:\/\/jenatschgaragen.ch\/wollishofen\/wp-json\/wp\/v2\/media\/1564"}],"wp:attachment":[{"href":"https:\/\/jenatschgaragen.ch\/wollishofen\/wp-json\/wp\/v2\/media?parent=1562"}],"wp:term":[{"taxonomy":"category","embeddable":true,"href":"https:\/\/jenatschgaragen.ch\/wollishofen\/wp-json\/wp\/v2\/categories?post=1562"},{"taxonomy":"post_tag","embeddable":true,"href":"https:\/\/jenatschgaragen.ch\/wollishofen\/wp-json\/wp\/v2\/tags?post=1562"}],"curies":[{"name":"wp","href":"https:\/\/api.w.org\/{rel}","templated":true}]}}