{"id":1412,"date":"2026-02-20T07:47:08","date_gmt":"2026-02-20T06:47:08","guid":{"rendered":"https:\/\/effecto-marketing.ch\/jenatsch\/garage-zuerich-wollishofen\/?p=1412"},"modified":"2026-04-28T15:01:14","modified_gmt":"2026-04-28T13:01:14","slug":"fahrzeug-vorfuehren","status":"publish","type":"post","link":"https:\/\/jenatschgaragen.ch\/wollishofen\/blog\/2026\/02\/20\/fahrzeug-vorfuehren\/","title":{"rendered":"Fahrzeug vorf\u00fchren ohne Sorgen und zu tiefen Kosten"},"content":{"rendered":"\t\t<div data-elementor-type=\"wp-post\" data-elementor-id=\"1412\" class=\"elementor elementor-1412\" data-elementor-post-type=\"post\">\n\t\t\t\t<div class=\"elementor-element elementor-element-3b7299a1 e-flex e-con-boxed e-con e-parent\" data-id=\"3b7299a1\" data-element_type=\"container\" data-e-type=\"container\">\n\t\t\t\t\t<div class=\"e-con-inner\">\n\t\t\t\t<div class=\"elementor-element elementor-element-76c72649 elementor-widget elementor-widget-text-editor\" data-id=\"76c72649\" data-element_type=\"widget\" data-e-type=\"widget\" data-widget_type=\"text-editor.default\">\n\t\t\t\t\t\t\t\t\t\n<h3 data-start=\"82\" data-end=\"159\">Fahrzeug vorf\u00fchren ohne Stress \u2013 mit der Jenatschgarage Z\u00fcrich-Wollishofen<\/h3>\n<p data-start=\"161\" data-end=\"453\">Die Vorf\u00fchrung beim Strassenverkehrsamt muss kein Stressfaktor sein. Mit der <strong data-start=\"238\" data-end=\"275\">Jenatschgarage Z\u00fcrich-Wollishofen<\/strong>gehen Sie entspannt zur MFK \u2013 oder \u00fcberlassen uns gleich den gesamten Prozess. Wir begleiten Sie professionell von der technischen Vorbereitung bis zur erfolgreichen Vorf\u00fchrung.<\/p>\n<h3 data-start=\"455\" data-end=\"492\">Mehr Sicherheit. Weniger Aufwand.<\/h3>\n<p data-start=\"494\" data-end=\"785\">Die MFK bringt oft Unsicherheit und Zeitaufwand mit sich. Genau hier setzen wir an:<br data-start=\"577\" data-end=\"580\" \/>Wir pr\u00fcfen Ihr Fahrzeug sorgf\u00e4ltig, erkennen potenzielle M\u00e4ngel fr\u00fchzeitig und beheben diese fachgerecht. So wissen Sie Ihr Fahrzeug in besten H\u00e4nden \u2013 zuverl\u00e4ssig vorbereitet und termingerecht vorgef\u00fchrt.<\/p>\n<h3 data-start=\"787\" data-end=\"817\">Umfassender Fahrzeug-Check<\/h3>\n<p data-start=\"819\" data-end=\"971\">Eine saubere technische Basis ist entscheidend f\u00fcr eine erfolgreiche Vorf\u00fchrung. Deshalb f\u00fchren wir einen detaillierten Fahrzeug-Check durch, inklusive:<\/p>\n<ul data-start=\"973\" data-end=\"1225\">\n<li data-start=\"973\" data-end=\"1020\">\n<p data-start=\"975\" data-end=\"1020\">Kontrolle von Bremsen, Lenkung und Fahrwerk<\/p>\n<\/li>\n<li data-start=\"1021\" data-end=\"1077\">\n<p data-start=\"1023\" data-end=\"1077\">\u00dcberpr\u00fcfung von Beleuchtung und elektrischen Anlagen<\/p>\n<\/li>\n<li data-start=\"1078\" data-end=\"1126\">\n<p data-start=\"1080\" data-end=\"1126\">Pr\u00fcfung von Reifen, R\u00e4dern und Achsgeometrie<\/p>\n<\/li>\n<li data-start=\"1127\" data-end=\"1181\">\n<p data-start=\"1129\" data-end=\"1181\">Sichtpr\u00fcfung von Abgasanlage, Motor und Unterboden<\/p>\n<\/li>\n<li data-start=\"1182\" data-end=\"1225\">\n<p data-start=\"1184\" data-end=\"1225\">Kontrolle sicherheitsrelevanter Systeme<\/p>\n<\/li>\n<\/ul>\n<h3 data-start=\"1227\" data-end=\"1258\">Fachgerechte Instandsetzung<\/h3>\n<p data-start=\"1260\" data-end=\"1544\">Werden M\u00e4ngel festgestellt, k\u00fcmmern wir uns um die professionelle Behebung \u2013 selbstverst\u00e4ndlich nach Herstellervorgaben und mit hochwertigen Ersatzteilen. Von kleineren Optimierungen bis zu sicherheitsrelevanten Reparaturen sorgen wir daf\u00fcr, dass Ihr Fahrzeug optimal vorbereitet ist.<\/p>\n<h3 data-start=\"1546\" data-end=\"1593\">Wir \u00fcbernehmen die komplette MFK-Abwicklung<\/h3>\n<p data-start=\"1595\" data-end=\"1670\">Auf Wunsch \u00fcbernehmen wir die gesamte Organisation rund um Ihre Vorf\u00fchrung:<\/p>\n<ul data-start=\"1672\" data-end=\"1862\">\n<li data-start=\"1672\" data-end=\"1711\">\n<p data-start=\"1674\" data-end=\"1711\">Terminorganisation und Koordination<\/p>\n<\/li>\n<li data-start=\"1712\" data-end=\"1768\">\n<p data-start=\"1714\" data-end=\"1768\">Bereitstellung eines optimal vorbereiteten Fahrzeugs<\/p>\n<\/li>\n<li data-start=\"1769\" data-end=\"1808\">\n<p data-start=\"1771\" data-end=\"1808\">Vorf\u00fchrung beim Strassenverkehrsamt<\/p>\n<\/li>\n<li data-start=\"1809\" data-end=\"1862\">\n<p data-start=\"1811\" data-end=\"1862\">R\u00fcckmeldung zum Ergebnis und allf\u00e4lligen Auflagen<\/p>\n<\/li>\n<\/ul>\n<p data-start=\"1864\" data-end=\"1920\">Sie sparen Zeit \u2013 und profitieren von unserer Erfahrung.<\/p>\n<h3 data-start=\"1922\" data-end=\"1950\">Jetzt Termin vereinbaren<\/h3>\n<p data-start=\"1952\" data-end=\"2072\">Steht Ihre MFK bevor?<br data-start=\"1973\" data-end=\"1976\" \/><strong data-start=\"1976\" data-end=\"2072\">Melden Sie sich jetzt bei uns und \u00fcberlassen Sie die Vorbereitung und Vorf\u00fchrung den Profis.<\/strong><\/p>\n<p data-start=\"1769\" data-end=\"1811\"><strong data-start=\"1772\" data-end=\"1811\">Jetzt anmelden \/ Termin vereinbaren<br \/>wollishofen@jenatschgarage.ch<br \/>Tel 044 487 20 20<\/strong><\/p>\n<p data-start=\"1813\" data-end=\"1891\">\u00a0<\/p>\n\t\t\t\t\t\t\t\t<\/div>\n\t\t\t\t\t<\/div>\n\t\t\t\t<\/div>\n\t\t<div class=\"elementor-element elementor-element-70eec7f e-flex e-con-boxed e-con e-parent\" data-id=\"70eec7f\" data-element_type=\"container\" data-e-type=\"container\">\n\t\t\t\t\t<div class=\"e-con-inner\">\n\t\t\t\t<div class=\"elementor-element elementor-element-eddc17f elementor-widget elementor-widget-image\" data-id=\"eddc17f\" data-element_type=\"widget\" data-e-type=\"widget\" data-widget_type=\"image.default\">\n\t\t\t\t\t\t\t\t\t\t\t\t\t\t\t<img fetchpriority=\"high\" decoding=\"async\" width=\"800\" height=\"491\" src=\"https:\/\/jenatschgaragen.ch\/wollishofen\/wp-content\/uploads\/sites\/4\/2026\/02\/dienstleistungen-aufdorf_maennedorf-karosserie_und_lack-02-1024x628.jpg\" class=\"attachment-large size-large wp-image-1093\" alt=\"\" srcset=\"https:\/\/jenatschgaragen.ch\/wollishofen\/wp-content\/uploads\/sites\/4\/2026\/02\/dienstleistungen-aufdorf_maennedorf-karosserie_und_lack-02-1024x628.jpg 1024w, https:\/\/jenatschgaragen.ch\/wollishofen\/wp-content\/uploads\/sites\/4\/2026\/02\/dienstleistungen-aufdorf_maennedorf-karosserie_und_lack-02-300x184.jpg 300w, https:\/\/jenatschgaragen.ch\/wollishofen\/wp-content\/uploads\/sites\/4\/2026\/02\/dienstleistungen-aufdorf_maennedorf-karosserie_und_lack-02-768x471.jpg 768w, https:\/\/jenatschgaragen.ch\/wollishofen\/wp-content\/uploads\/sites\/4\/2026\/02\/dienstleistungen-aufdorf_maennedorf-karosserie_und_lack-02.jpg 1047w\" sizes=\"(max-width: 800px) 100vw, 800px\" \/>\t\t\t\t\t\t\t\t\t\t\t\t\t\t\t<\/div>\n\t\t\t\t\t<\/div>\n\t\t\t\t<\/div>\n\t\t\t\t<\/div>\n\t\t","protected":false},"excerpt":{"rendered":"<p>Fahrzeug vorf\u00fchren ohne Stress \u2013 mit der Jenatschgarage Z\u00fcrich-Wollishofen Die Vorf\u00fchrung beim Strassenverkehrsamt muss kein Stressfaktor sein. Mit der Jenatschgarage Z\u00fcrich-Wollishofengehen Sie entspannt zur MFK \u2013 oder \u00fcberlassen uns gleich den gesamten Prozess. Wir begleiten Sie professionell von der technischen Vorbereitung bis zur erfolgreichen Vorf\u00fchrung. Mehr Sicherheit. Weniger Aufwand. Die MFK bringt oft Unsicherheit und [&hellip;]<\/p>\n","protected":false},"author":1,"featured_media":1413,"comment_status":"closed","ping_status":"open","sticky":false,"template":"","format":"standard","meta":{"footnotes":""},"categories":[10],"tags":[],"class_list":["post-1412","post","type-post","status-publish","format-standard","has-post-thumbnail","hentry","category-jenatschgarage-zuerich-wollishofen"],"yoast_head":"<!-- This site is optimized with the Yoast SEO plugin v27.2 - https:\/\/yoast.com\/product\/yoast-seo-wordpress\/ -->\n<title>Fahrzeug vorf\u00fchren ohne Sorgen und zu tiefen Kosten - Jenatschgarage Z\u00fcrich-Wollishofen<\/title>\n<meta name=\"robots\" content=\"index, follow, max-snippet:-1, max-image-preview:large, max-video-preview:-1\" \/>\n<link rel=\"canonical\" href=\"https:\/\/jenatschgaragen.ch\/wollishofen\/blog\/2026\/02\/20\/fahrzeug-vorfuehren\/\" \/>\n<meta property=\"og:locale\" content=\"de_DE\" \/>\n<meta property=\"og:type\" content=\"article\" \/>\n<meta property=\"og:title\" content=\"Fahrzeug vorf\u00fchren ohne Sorgen und zu tiefen Kosten - Jenatschgarage Z\u00fcrich-Wollishofen\" \/>\n<meta property=\"og:description\" content=\"Fahrzeug vorf\u00fchren ohne Stress \u2013 mit der Jenatschgarage Z\u00fcrich-Wollishofen Die Vorf\u00fchrung beim Strassenverkehrsamt muss kein Stressfaktor sein. Mit der Jenatschgarage Z\u00fcrich-Wollishofengehen Sie entspannt zur MFK \u2013 oder \u00fcberlassen uns gleich den gesamten Prozess. Wir begleiten Sie professionell von der technischen Vorbereitung bis zur erfolgreichen Vorf\u00fchrung. Mehr Sicherheit. Weniger Aufwand. Die MFK bringt oft Unsicherheit und [&hellip;]\" \/>\n<meta property=\"og:url\" content=\"https:\/\/jenatschgaragen.ch\/wollishofen\/blog\/2026\/02\/20\/fahrzeug-vorfuehren\/\" \/>\n<meta property=\"og:site_name\" content=\"Jenatschgarage Z\u00fcrich-Wollishofen\" \/>\n<meta property=\"article:published_time\" content=\"2026-02-20T06:47:08+00:00\" \/>\n<meta property=\"article:modified_time\" content=\"2026-04-28T13:01:14+00:00\" \/>\n<meta property=\"og:image\" content=\"https:\/\/jenatschgaragen.ch\/wollishofen\/wp-content\/uploads\/sites\/4\/2026\/02\/News-Vorfuehren-1024x576.png\" \/>\n\t<meta property=\"og:image:width\" content=\"1024\" \/>\n\t<meta property=\"og:image:height\" content=\"576\" \/>\n\t<meta property=\"og:image:type\" content=\"image\/png\" \/>\n<meta name=\"author\" content=\"Esclama Lab\" \/>\n<meta name=\"twitter:card\" content=\"summary_large_image\" \/>\n<meta name=\"twitter:label1\" content=\"Geschrieben von\" \/>\n\t<meta name=\"twitter:data1\" content=\"Esclama Lab\" \/>\n\t<meta name=\"twitter:label2\" content=\"Gesch\u00e4tzte Lesezeit\" \/>\n\t<meta name=\"twitter:data2\" content=\"2\u00a0Minuten\" \/>\n<script type=\"application\/ld+json\" class=\"yoast-schema-graph\">{\"@context\":\"https:\/\/schema.org\",\"@graph\":[{\"@type\":\"Article\",\"@id\":\"https:\/\/jenatschgaragen.ch\/wollishofen\/blog\/2026\/02\/20\/fahrzeug-vorfuehren\/#article\",\"isPartOf\":{\"@id\":\"https:\/\/jenatschgaragen.ch\/wollishofen\/blog\/2026\/02\/20\/fahrzeug-vorfuehren\/\"},\"author\":{\"name\":\"Esclama Lab\",\"@id\":\"https:\/\/jenatschgaragen.ch\/wollishofen\/#\/schema\/person\/3f0c42293c20f734b526373b913a0042\"},\"headline\":\"Fahrzeug vorf\u00fchren ohne Sorgen und zu tiefen Kosten\",\"datePublished\":\"2026-02-20T06:47:08+00:00\",\"dateModified\":\"2026-04-28T13:01:14+00:00\",\"mainEntityOfPage\":{\"@id\":\"https:\/\/jenatschgaragen.ch\/wollishofen\/blog\/2026\/02\/20\/fahrzeug-vorfuehren\/\"},\"wordCount\":275,\"publisher\":{\"@id\":\"https:\/\/jenatschgaragen.ch\/wollishofen\/#organization\"},\"image\":{\"@id\":\"https:\/\/jenatschgaragen.ch\/wollishofen\/blog\/2026\/02\/20\/fahrzeug-vorfuehren\/#primaryimage\"},\"thumbnailUrl\":\"https:\/\/jenatschgaragen.ch\/wollishofen\/wp-content\/uploads\/sites\/4\/2026\/02\/News-Vorfuehren.png\",\"articleSection\":[\"Jenatschgarage Z\u00fcrich-Wollishofen\"],\"inLanguage\":\"de-CH\"},{\"@type\":\"WebPage\",\"@id\":\"https:\/\/jenatschgaragen.ch\/wollishofen\/blog\/2026\/02\/20\/fahrzeug-vorfuehren\/\",\"url\":\"https:\/\/jenatschgaragen.ch\/wollishofen\/blog\/2026\/02\/20\/fahrzeug-vorfuehren\/\",\"name\":\"Fahrzeug vorf\u00fchren ohne Sorgen und zu tiefen Kosten - Jenatschgarage Z\u00fcrich-Wollishofen\",\"isPartOf\":{\"@id\":\"https:\/\/jenatschgaragen.ch\/wollishofen\/#website\"},\"primaryImageOfPage\":{\"@id\":\"https:\/\/jenatschgaragen.ch\/wollishofen\/blog\/2026\/02\/20\/fahrzeug-vorfuehren\/#primaryimage\"},\"image\":{\"@id\":\"https:\/\/jenatschgaragen.ch\/wollishofen\/blog\/2026\/02\/20\/fahrzeug-vorfuehren\/#primaryimage\"},\"thumbnailUrl\":\"https:\/\/jenatschgaragen.ch\/wollishofen\/wp-content\/uploads\/sites\/4\/2026\/02\/News-Vorfuehren.png\",\"datePublished\":\"2026-02-20T06:47:08+00:00\",\"dateModified\":\"2026-04-28T13:01:14+00:00\",\"breadcrumb\":{\"@id\":\"https:\/\/jenatschgaragen.ch\/wollishofen\/blog\/2026\/02\/20\/fahrzeug-vorfuehren\/#breadcrumb\"},\"inLanguage\":\"de-CH\",\"potentialAction\":[{\"@type\":\"ReadAction\",\"target\":[\"https:\/\/jenatschgaragen.ch\/wollishofen\/blog\/2026\/02\/20\/fahrzeug-vorfuehren\/\"]}]},{\"@type\":\"ImageObject\",\"inLanguage\":\"de-CH\",\"@id\":\"https:\/\/jenatschgaragen.ch\/wollishofen\/blog\/2026\/02\/20\/fahrzeug-vorfuehren\/#primaryimage\",\"url\":\"https:\/\/jenatschgaragen.ch\/wollishofen\/wp-content\/uploads\/sites\/4\/2026\/02\/News-Vorfuehren.png\",\"contentUrl\":\"https:\/\/jenatschgaragen.ch\/wollishofen\/wp-content\/uploads\/sites\/4\/2026\/02\/News-Vorfuehren.png\",\"width\":1920,\"height\":1080},{\"@type\":\"BreadcrumbList\",\"@id\":\"https:\/\/jenatschgaragen.ch\/wollishofen\/blog\/2026\/02\/20\/fahrzeug-vorfuehren\/#breadcrumb\",\"itemListElement\":[{\"@type\":\"ListItem\",\"position\":1,\"name\":\"Home\",\"item\":\"https:\/\/jenatschgaragen.ch\/wollishofen\/\"},{\"@type\":\"ListItem\",\"position\":2,\"name\":\"Fahrzeug vorf\u00fchren ohne Sorgen und zu tiefen Kosten\"}]},{\"@type\":\"WebSite\",\"@id\":\"https:\/\/jenatschgaragen.ch\/wollishofen\/#website\",\"url\":\"https:\/\/jenatschgaragen.ch\/wollishofen\/\",\"name\":\"Jenatschgarage Z\u00fcrich-Wollishofen\",\"description\":\"Ihre Mobilit\u00e4ts-Experten in Z\u00fcrich-Wollishofen\\u2028\",\"publisher\":{\"@id\":\"https:\/\/jenatschgaragen.ch\/wollishofen\/#organization\"},\"potentialAction\":[{\"@type\":\"SearchAction\",\"target\":{\"@type\":\"EntryPoint\",\"urlTemplate\":\"https:\/\/jenatschgaragen.ch\/wollishofen\/?s={search_term_string}\"},\"query-input\":{\"@type\":\"PropertyValueSpecification\",\"valueRequired\":true,\"valueName\":\"search_term_string\"}}],\"inLanguage\":\"de-CH\"},{\"@type\":\"Organization\",\"@id\":\"https:\/\/jenatschgaragen.ch\/wollishofen\/#organization\",\"name\":\"Jenatschgarage Z\u00fcrich-Wollishofen\",\"url\":\"https:\/\/jenatschgaragen.ch\/wollishofen\/\",\"logo\":{\"@type\":\"ImageObject\",\"inLanguage\":\"de-CH\",\"@id\":\"https:\/\/jenatschgaragen.ch\/wollishofen\/#\/schema\/logo\/image\/\",\"url\":\"https:\/\/jenatschgaragen.ch\/wollishofen\/wp-content\/uploads\/sites\/4\/2026\/01\/logo-Jenatschgarage-Zuerich-Wollishofen.png\",\"contentUrl\":\"https:\/\/jenatschgaragen.ch\/wollishofen\/wp-content\/uploads\/sites\/4\/2026\/01\/logo-Jenatschgarage-Zuerich-Wollishofen.png\",\"width\":530,\"height\":110,\"caption\":\"Jenatschgarage Z\u00fcrich-Wollishofen\"},\"image\":{\"@id\":\"https:\/\/jenatschgaragen.ch\/wollishofen\/#\/schema\/logo\/image\/\"}},{\"@type\":\"Person\",\"@id\":\"https:\/\/jenatschgaragen.ch\/wollishofen\/#\/schema\/person\/3f0c42293c20f734b526373b913a0042\",\"name\":\"Esclama Lab\",\"image\":{\"@type\":\"ImageObject\",\"inLanguage\":\"de-CH\",\"@id\":\"https:\/\/secure.gravatar.com\/avatar\/ef82f862c47e468a3c2d3f3dfeedb4f223ade5dc11a5d398ef6ff186e3ba6be2?s=96&d=mm&r=g\",\"url\":\"https:\/\/secure.gravatar.com\/avatar\/ef82f862c47e468a3c2d3f3dfeedb4f223ade5dc11a5d398ef6ff186e3ba6be2?s=96&d=mm&r=g\",\"contentUrl\":\"https:\/\/secure.gravatar.com\/avatar\/ef82f862c47e468a3c2d3f3dfeedb4f223ade5dc11a5d398ef6ff186e3ba6be2?s=96&d=mm&r=g\",\"caption\":\"Esclama Lab\"},\"sameAs\":[\"https:\/\/jenatschgaragen.ch\"],\"url\":\"https:\/\/jenatschgaragen.ch\/wollishofen\/blog\/author\/esclama-lab\/\"}]}<\/script>\n<!-- \/ Yoast SEO plugin. -->","yoast_head_json":{"title":"Fahrzeug vorf\u00fchren ohne Sorgen und zu tiefen Kosten - Jenatschgarage Z\u00fcrich-Wollishofen","robots":{"index":"index","follow":"follow","max-snippet":"max-snippet:-1","max-image-preview":"max-image-preview:large","max-video-preview":"max-video-preview:-1"},"canonical":"https:\/\/jenatschgaragen.ch\/wollishofen\/blog\/2026\/02\/20\/fahrzeug-vorfuehren\/","og_locale":"de_DE","og_type":"article","og_title":"Fahrzeug vorf\u00fchren ohne Sorgen und zu tiefen Kosten - Jenatschgarage Z\u00fcrich-Wollishofen","og_description":"Fahrzeug vorf\u00fchren ohne Stress \u2013 mit der Jenatschgarage Z\u00fcrich-Wollishofen Die Vorf\u00fchrung beim Strassenverkehrsamt muss kein Stressfaktor sein. Mit der Jenatschgarage Z\u00fcrich-Wollishofengehen Sie entspannt zur MFK \u2013 oder \u00fcberlassen uns gleich den gesamten Prozess. Wir begleiten Sie professionell von der technischen Vorbereitung bis zur erfolgreichen Vorf\u00fchrung. Mehr Sicherheit. Weniger Aufwand. Die MFK bringt oft Unsicherheit und [&hellip;]","og_url":"https:\/\/jenatschgaragen.ch\/wollishofen\/blog\/2026\/02\/20\/fahrzeug-vorfuehren\/","og_site_name":"Jenatschgarage Z\u00fcrich-Wollishofen","article_published_time":"2026-02-20T06:47:08+00:00","article_modified_time":"2026-04-28T13:01:14+00:00","og_image":[{"width":1024,"height":576,"url":"https:\/\/jenatschgaragen.ch\/wollishofen\/wp-content\/uploads\/sites\/4\/2026\/02\/News-Vorfuehren-1024x576.png","type":"image\/png"}],"author":"Esclama Lab","twitter_card":"summary_large_image","twitter_misc":{"Geschrieben von":"Esclama Lab","Gesch\u00e4tzte Lesezeit":"2\u00a0Minuten"},"schema":{"@context":"https:\/\/schema.org","@graph":[{"@type":"Article","@id":"https:\/\/jenatschgaragen.ch\/wollishofen\/blog\/2026\/02\/20\/fahrzeug-vorfuehren\/#article","isPartOf":{"@id":"https:\/\/jenatschgaragen.ch\/wollishofen\/blog\/2026\/02\/20\/fahrzeug-vorfuehren\/"},"author":{"name":"Esclama Lab","@id":"https:\/\/jenatschgaragen.ch\/wollishofen\/#\/schema\/person\/3f0c42293c20f734b526373b913a0042"},"headline":"Fahrzeug vorf\u00fchren ohne Sorgen und zu tiefen Kosten","datePublished":"2026-02-20T06:47:08+00:00","dateModified":"2026-04-28T13:01:14+00:00","mainEntityOfPage":{"@id":"https:\/\/jenatschgaragen.ch\/wollishofen\/blog\/2026\/02\/20\/fahrzeug-vorfuehren\/"},"wordCount":275,"publisher":{"@id":"https:\/\/jenatschgaragen.ch\/wollishofen\/#organization"},"image":{"@id":"https:\/\/jenatschgaragen.ch\/wollishofen\/blog\/2026\/02\/20\/fahrzeug-vorfuehren\/#primaryimage"},"thumbnailUrl":"https:\/\/jenatschgaragen.ch\/wollishofen\/wp-content\/uploads\/sites\/4\/2026\/02\/News-Vorfuehren.png","articleSection":["Jenatschgarage Z\u00fcrich-Wollishofen"],"inLanguage":"de-CH"},{"@type":"WebPage","@id":"https:\/\/jenatschgaragen.ch\/wollishofen\/blog\/2026\/02\/20\/fahrzeug-vorfuehren\/","url":"https:\/\/jenatschgaragen.ch\/wollishofen\/blog\/2026\/02\/20\/fahrzeug-vorfuehren\/","name":"Fahrzeug vorf\u00fchren ohne Sorgen und zu tiefen Kosten - Jenatschgarage Z\u00fcrich-Wollishofen","isPartOf":{"@id":"https:\/\/jenatschgaragen.ch\/wollishofen\/#website"},"primaryImageOfPage":{"@id":"https:\/\/jenatschgaragen.ch\/wollishofen\/blog\/2026\/02\/20\/fahrzeug-vorfuehren\/#primaryimage"},"image":{"@id":"https:\/\/jenatschgaragen.ch\/wollishofen\/blog\/2026\/02\/20\/fahrzeug-vorfuehren\/#primaryimage"},"thumbnailUrl":"https:\/\/jenatschgaragen.ch\/wollishofen\/wp-content\/uploads\/sites\/4\/2026\/02\/News-Vorfuehren.png","datePublished":"2026-02-20T06:47:08+00:00","dateModified":"2026-04-28T13:01:14+00:00","breadcrumb":{"@id":"https:\/\/jenatschgaragen.ch\/wollishofen\/blog\/2026\/02\/20\/fahrzeug-vorfuehren\/#breadcrumb"},"inLanguage":"de-CH","potentialAction":[{"@type":"ReadAction","target":["https:\/\/jenatschgaragen.ch\/wollishofen\/blog\/2026\/02\/20\/fahrzeug-vorfuehren\/"]}]},{"@type":"ImageObject","inLanguage":"de-CH","@id":"https:\/\/jenatschgaragen.ch\/wollishofen\/blog\/2026\/02\/20\/fahrzeug-vorfuehren\/#primaryimage","url":"https:\/\/jenatschgaragen.ch\/wollishofen\/wp-content\/uploads\/sites\/4\/2026\/02\/News-Vorfuehren.png","contentUrl":"https:\/\/jenatschgaragen.ch\/wollishofen\/wp-content\/uploads\/sites\/4\/2026\/02\/News-Vorfuehren.png","width":1920,"height":1080},{"@type":"BreadcrumbList","@id":"https:\/\/jenatschgaragen.ch\/wollishofen\/blog\/2026\/02\/20\/fahrzeug-vorfuehren\/#breadcrumb","itemListElement":[{"@type":"ListItem","position":1,"name":"Home","item":"https:\/\/jenatschgaragen.ch\/wollishofen\/"},{"@type":"ListItem","position":2,"name":"Fahrzeug vorf\u00fchren ohne Sorgen und zu tiefen Kosten"}]},{"@type":"WebSite","@id":"https:\/\/jenatschgaragen.ch\/wollishofen\/#website","url":"https:\/\/jenatschgaragen.ch\/wollishofen\/","name":"Jenatschgarage Z\u00fcrich-Wollishofen","description":"Ihre Mobilit\u00e4ts-Experten in Z\u00fcrich-Wollishofen\u2028","publisher":{"@id":"https:\/\/jenatschgaragen.ch\/wollishofen\/#organization"},"potentialAction":[{"@type":"SearchAction","target":{"@type":"EntryPoint","urlTemplate":"https:\/\/jenatschgaragen.ch\/wollishofen\/?s={search_term_string}"},"query-input":{"@type":"PropertyValueSpecification","valueRequired":true,"valueName":"search_term_string"}}],"inLanguage":"de-CH"},{"@type":"Organization","@id":"https:\/\/jenatschgaragen.ch\/wollishofen\/#organization","name":"Jenatschgarage Z\u00fcrich-Wollishofen","url":"https:\/\/jenatschgaragen.ch\/wollishofen\/","logo":{"@type":"ImageObject","inLanguage":"de-CH","@id":"https:\/\/jenatschgaragen.ch\/wollishofen\/#\/schema\/logo\/image\/","url":"https:\/\/jenatschgaragen.ch\/wollishofen\/wp-content\/uploads\/sites\/4\/2026\/01\/logo-Jenatschgarage-Zuerich-Wollishofen.png","contentUrl":"https:\/\/jenatschgaragen.ch\/wollishofen\/wp-content\/uploads\/sites\/4\/2026\/01\/logo-Jenatschgarage-Zuerich-Wollishofen.png","width":530,"height":110,"caption":"Jenatschgarage Z\u00fcrich-Wollishofen"},"image":{"@id":"https:\/\/jenatschgaragen.ch\/wollishofen\/#\/schema\/logo\/image\/"}},{"@type":"Person","@id":"https:\/\/jenatschgaragen.ch\/wollishofen\/#\/schema\/person\/3f0c42293c20f734b526373b913a0042","name":"Esclama Lab","image":{"@type":"ImageObject","inLanguage":"de-CH","@id":"https:\/\/secure.gravatar.com\/avatar\/ef82f862c47e468a3c2d3f3dfeedb4f223ade5dc11a5d398ef6ff186e3ba6be2?s=96&d=mm&r=g","url":"https:\/\/secure.gravatar.com\/avatar\/ef82f862c47e468a3c2d3f3dfeedb4f223ade5dc11a5d398ef6ff186e3ba6be2?s=96&d=mm&r=g","contentUrl":"https:\/\/secure.gravatar.com\/avatar\/ef82f862c47e468a3c2d3f3dfeedb4f223ade5dc11a5d398ef6ff186e3ba6be2?s=96&d=mm&r=g","caption":"Esclama Lab"},"sameAs":["https:\/\/jenatschgaragen.ch"],"url":"https:\/\/jenatschgaragen.ch\/wollishofen\/blog\/author\/esclama-lab\/"}]}},"_links":{"self":[{"href":"https:\/\/jenatschgaragen.ch\/wollishofen\/wp-json\/wp\/v2\/posts\/1412","targetHints":{"allow":["GET"]}}],"collection":[{"href":"https:\/\/jenatschgaragen.ch\/wollishofen\/wp-json\/wp\/v2\/posts"}],"about":[{"href":"https:\/\/jenatschgaragen.ch\/wollishofen\/wp-json\/wp\/v2\/types\/post"}],"author":[{"embeddable":true,"href":"https:\/\/jenatschgaragen.ch\/wollishofen\/wp-json\/wp\/v2\/users\/1"}],"replies":[{"embeddable":true,"href":"https:\/\/jenatschgaragen.ch\/wollishofen\/wp-json\/wp\/v2\/comments?post=1412"}],"version-history":[{"count":5,"href":"https:\/\/jenatschgaragen.ch\/wollishofen\/wp-json\/wp\/v2\/posts\/1412\/revisions"}],"predecessor-version":[{"id":1614,"href":"https:\/\/jenatschgaragen.ch\/wollishofen\/wp-json\/wp\/v2\/posts\/1412\/revisions\/1614"}],"wp:featuredmedia":[{"embeddable":true,"href":"https:\/\/jenatschgaragen.ch\/wollishofen\/wp-json\/wp\/v2\/media\/1413"}],"wp:attachment":[{"href":"https:\/\/jenatschgaragen.ch\/wollishofen\/wp-json\/wp\/v2\/media?parent=1412"}],"wp:term":[{"taxonomy":"category","embeddable":true,"href":"https:\/\/jenatschgaragen.ch\/wollishofen\/wp-json\/wp\/v2\/categories?post=1412"},{"taxonomy":"post_tag","embeddable":true,"href":"https:\/\/jenatschgaragen.ch\/wollishofen\/wp-json\/wp\/v2\/tags?post=1412"}],"curies":[{"name":"wp","href":"https:\/\/api.w.org\/{rel}","templated":true}]}}