{"id":1406,"date":"2026-03-01T07:42:00","date_gmt":"2026-03-01T06:42:00","guid":{"rendered":"https:\/\/effecto-marketing.ch\/jenatsch\/garage-zuerich-wollishofen\/?p=1406"},"modified":"2026-04-28T15:02:14","modified_gmt":"2026-04-28T13:02:14","slug":"raeder-reifenservice","status":"publish","type":"post","link":"https:\/\/jenatschgaragen.ch\/wollishofen\/blog\/2026\/03\/01\/raeder-reifenservice\/","title":{"rendered":"R\u00e4der- &amp; Reifenservice\u00a0inkl. Einlagerung"},"content":{"rendered":"\t\t<div data-elementor-type=\"wp-post\" data-elementor-id=\"1406\" class=\"elementor elementor-1406\" data-elementor-post-type=\"post\">\n\t\t\t\t<div class=\"elementor-element elementor-element-3b7299a1 e-flex e-con-boxed e-con e-parent\" data-id=\"3b7299a1\" data-element_type=\"container\" data-e-type=\"container\">\n\t\t\t\t\t<div class=\"e-con-inner\">\n\t\t\t\t<div class=\"elementor-element elementor-element-76c72649 elementor-widget elementor-widget-text-editor\" data-id=\"76c72649\" data-element_type=\"widget\" data-e-type=\"widget\" data-widget_type=\"text-editor.default\">\n\t\t\t\t\t\t\t\t\t\n<h3 data-start=\"108\" data-end=\"199\">R\u00e4der &amp; Reifen bei der Jenatschgarage Z\u00fcrich-Wollishofen: Mehr als nur ein Reifenwechsel<\/h3>\n<p data-start=\"201\" data-end=\"482\">Der saisonale Reifenwechsel steht an? Dann sind Sie bei der <strong data-start=\"261\" data-end=\"298\">Jenatschgarage Z\u00fcrich-Wollishofen<\/strong> genau richtig. Mit unserem professionellen R\u00e4der-Service sorgen wir daf\u00fcr, dass Sie jederzeit optimal f\u00fcr die kommende Jahreszeit ger\u00fcstet sind \u2013 sicher, komfortabel und ohne Aufwand.<\/p>\n<h3 data-start=\"484\" data-end=\"531\">Schnell gewechselt. Fachgerecht montiert.<\/h3>\n<p data-start=\"532\" data-end=\"744\">Ob Winter- oder Sommerr\u00e4der: Wir \u00fcbernehmen Ihren Reifenwechsel <strong data-start=\"596\" data-end=\"634\">schnell, pr\u00e4zise und unkompliziert<\/strong>. Dabei steht Ihre Sicherheit stets im Mittelpunkt \u2013 damit Sie bei jeder Witterung zuverl\u00e4ssig unterwegs sind.<\/p>\n<h3 data-start=\"746\" data-end=\"797\">R\u00e4dereinlagerung \u2013 mehr Platz, weniger Stress<\/h3>\n<p data-start=\"798\" data-end=\"1012\">Kein Platz zu Hause? Kein Problem. Auf Wunsch lagern wir Ihre R\u00e4der <strong data-start=\"866\" data-end=\"894\">sicher und professionell<\/strong> in unserem R\u00e4dereinlagerungsservice ein. So sparen Sie Platz, Zeit \u2013 und haben in jeder Saison alles bequem geregelt.<\/p>\n<h3 data-start=\"1014\" data-end=\"1060\">Neue Reifen? Wir beraten Sie pers\u00f6nlich.<\/h3>\n<p data-start=\"1061\" data-end=\"1252\">Wenn neue Reifen anstehen, beraten wir Sie kompetent und bieten eine passende Auswahl \u2013 <strong data-start=\"1149\" data-end=\"1179\">inklusive direkter Montage<\/strong>. Alles aus einer Hand, abgestimmt auf Ihr Fahrzeug und Ihre Bed\u00fcrfnisse.<\/p>\n<h3 data-start=\"1254\" data-end=\"1280\">Jetzt Termin sichern<\/h3>\n<p data-start=\"1281\" data-end=\"1414\">Machen Sie es sich einfach:<br data-start=\"1308\" data-end=\"1311\" \/><strong data-start=\"1311\" data-end=\"1414\">Melden Sie sich jetzt an und sichern Sie sich Ihren Termin f\u00fcr Reifenwechsel oder R\u00e4dereinlagerung.<\/strong><\/p>\n<h3 data-start=\"94\" data-end=\"169\"><strong style=\"font-size: 16px;\" data-start=\"1772\" data-end=\"1811\">Jetzt anmelden \/ Termin vereinbaren<\/strong><\/h3>\n<p data-start=\"1769\" data-end=\"1811\"><strong data-start=\"1772\" data-end=\"1811\">wollishofen@jenatschgarage.ch<br \/>Tel 044 487 20 20<\/strong><\/p>\n<p data-start=\"1813\" data-end=\"1891\">\u00a0<\/p>\n\t\t\t\t\t\t\t\t<\/div>\n\t\t\t\t\t<\/div>\n\t\t\t\t<\/div>\n\t\t<div class=\"elementor-element elementor-element-70eec7f e-flex e-con-boxed e-con e-parent\" data-id=\"70eec7f\" data-element_type=\"container\" data-e-type=\"container\">\n\t\t\t\t\t<div class=\"e-con-inner\">\n\t\t\t\t<div class=\"elementor-element elementor-element-eddc17f elementor-widget elementor-widget-image\" data-id=\"eddc17f\" data-element_type=\"widget\" data-e-type=\"widget\" data-widget_type=\"image.default\">\n\t\t\t\t\t\t\t\t\t\t\t\t\t\t\t<img fetchpriority=\"high\" decoding=\"async\" width=\"800\" height=\"450\" src=\"https:\/\/jenatschgaragen.ch\/wollishofen\/wp-content\/uploads\/sites\/4\/2026\/02\/Raederlagerung-1024x576.jpeg\" class=\"attachment-large size-large wp-image-1203\" alt=\"\" srcset=\"https:\/\/jenatschgaragen.ch\/wollishofen\/wp-content\/uploads\/sites\/4\/2026\/02\/Raederlagerung-1024x576.jpeg 1024w, https:\/\/jenatschgaragen.ch\/wollishofen\/wp-content\/uploads\/sites\/4\/2026\/02\/Raederlagerung-300x169.jpeg 300w, https:\/\/jenatschgaragen.ch\/wollishofen\/wp-content\/uploads\/sites\/4\/2026\/02\/Raederlagerung-768x432.jpeg 768w, https:\/\/jenatschgaragen.ch\/wollishofen\/wp-content\/uploads\/sites\/4\/2026\/02\/Raederlagerung-1536x864.jpeg 1536w, https:\/\/jenatschgaragen.ch\/wollishofen\/wp-content\/uploads\/sites\/4\/2026\/02\/Raederlagerung.jpeg 1920w\" sizes=\"(max-width: 800px) 100vw, 800px\" \/>\t\t\t\t\t\t\t\t\t\t\t\t\t\t\t<\/div>\n\t\t\t\t\t<\/div>\n\t\t\t\t<\/div>\n\t\t\t\t<\/div>\n\t\t","protected":false},"excerpt":{"rendered":"<p>R\u00e4der &amp; Reifen bei der Jenatschgarage Z\u00fcrich-Wollishofen: Mehr als nur ein Reifenwechsel Der saisonale Reifenwechsel steht an? Dann sind Sie bei der Jenatschgarage Z\u00fcrich-Wollishofen genau richtig. Mit unserem professionellen R\u00e4der-Service sorgen wir daf\u00fcr, dass Sie jederzeit optimal f\u00fcr die kommende Jahreszeit ger\u00fcstet sind \u2013 sicher, komfortabel und ohne Aufwand. Schnell gewechselt. Fachgerecht montiert. Ob Winter- [&hellip;]<\/p>\n","protected":false},"author":1,"featured_media":1407,"comment_status":"closed","ping_status":"open","sticky":false,"template":"","format":"standard","meta":{"footnotes":""},"categories":[10],"tags":[],"class_list":["post-1406","post","type-post","status-publish","format-standard","has-post-thumbnail","hentry","category-jenatschgarage-zuerich-wollishofen"],"yoast_head":"<!-- This site is optimized with the Yoast SEO plugin v27.2 - https:\/\/yoast.com\/product\/yoast-seo-wordpress\/ -->\n<title>R\u00e4der- &amp; Reifenservice\u00a0inkl. Einlagerung - Jenatschgarage Z\u00fcrich-Wollishofen<\/title>\n<meta name=\"robots\" content=\"index, follow, max-snippet:-1, max-image-preview:large, max-video-preview:-1\" \/>\n<link rel=\"canonical\" href=\"https:\/\/jenatschgaragen.ch\/wollishofen\/blog\/2026\/03\/01\/raeder-reifenservice\/\" \/>\n<meta property=\"og:locale\" content=\"de_DE\" \/>\n<meta property=\"og:type\" content=\"article\" \/>\n<meta property=\"og:title\" content=\"R\u00e4der- &amp; Reifenservice\u00a0inkl. Einlagerung - Jenatschgarage Z\u00fcrich-Wollishofen\" \/>\n<meta property=\"og:description\" content=\"R\u00e4der &amp; Reifen bei der Jenatschgarage Z\u00fcrich-Wollishofen: Mehr als nur ein Reifenwechsel Der saisonale Reifenwechsel steht an? Dann sind Sie bei der Jenatschgarage Z\u00fcrich-Wollishofen genau richtig. Mit unserem professionellen R\u00e4der-Service sorgen wir daf\u00fcr, dass Sie jederzeit optimal f\u00fcr die kommende Jahreszeit ger\u00fcstet sind \u2013 sicher, komfortabel und ohne Aufwand. Schnell gewechselt. Fachgerecht montiert. Ob Winter- [&hellip;]\" \/>\n<meta property=\"og:url\" content=\"https:\/\/jenatschgaragen.ch\/wollishofen\/blog\/2026\/03\/01\/raeder-reifenservice\/\" \/>\n<meta property=\"og:site_name\" content=\"Jenatschgarage Z\u00fcrich-Wollishofen\" \/>\n<meta property=\"article:published_time\" content=\"2026-03-01T06:42:00+00:00\" \/>\n<meta property=\"article:modified_time\" content=\"2026-04-28T13:02:14+00:00\" \/>\n<meta property=\"og:image\" content=\"https:\/\/jenatschgaragen.ch\/wollishofen\/wp-content\/uploads\/sites\/4\/2026\/02\/News-Reifen-1024x486.png\" \/>\n\t<meta property=\"og:image:width\" content=\"1024\" \/>\n\t<meta property=\"og:image:height\" content=\"486\" \/>\n\t<meta property=\"og:image:type\" content=\"image\/png\" \/>\n<meta name=\"author\" content=\"Esclama Lab\" \/>\n<meta name=\"twitter:card\" content=\"summary_large_image\" \/>\n<meta name=\"twitter:label1\" content=\"Geschrieben von\" \/>\n\t<meta name=\"twitter:data1\" content=\"Esclama Lab\" \/>\n\t<meta name=\"twitter:label2\" content=\"Gesch\u00e4tzte Lesezeit\" \/>\n\t<meta name=\"twitter:data2\" content=\"2\u00a0Minuten\" \/>\n<script type=\"application\/ld+json\" class=\"yoast-schema-graph\">{\"@context\":\"https:\/\/schema.org\",\"@graph\":[{\"@type\":\"Article\",\"@id\":\"https:\/\/jenatschgaragen.ch\/wollishofen\/blog\/2026\/03\/01\/raeder-reifenservice\/#article\",\"isPartOf\":{\"@id\":\"https:\/\/jenatschgaragen.ch\/wollishofen\/blog\/2026\/03\/01\/raeder-reifenservice\/\"},\"author\":{\"name\":\"Esclama Lab\",\"@id\":\"https:\/\/jenatschgaragen.ch\/wollishofen\/#\/schema\/person\/3f0c42293c20f734b526373b913a0042\"},\"headline\":\"R\u00e4der- &amp; Reifenservice\u00a0inkl. Einlagerung\",\"datePublished\":\"2026-03-01T06:42:00+00:00\",\"dateModified\":\"2026-04-28T13:02:14+00:00\",\"mainEntityOfPage\":{\"@id\":\"https:\/\/jenatschgaragen.ch\/wollishofen\/blog\/2026\/03\/01\/raeder-reifenservice\/\"},\"wordCount\":202,\"publisher\":{\"@id\":\"https:\/\/jenatschgaragen.ch\/wollishofen\/#organization\"},\"image\":{\"@id\":\"https:\/\/jenatschgaragen.ch\/wollishofen\/blog\/2026\/03\/01\/raeder-reifenservice\/#primaryimage\"},\"thumbnailUrl\":\"https:\/\/jenatschgaragen.ch\/wollishofen\/wp-content\/uploads\/sites\/4\/2026\/02\/News-Reifen.png\",\"articleSection\":[\"Jenatschgarage Z\u00fcrich-Wollishofen\"],\"inLanguage\":\"de-CH\"},{\"@type\":\"WebPage\",\"@id\":\"https:\/\/jenatschgaragen.ch\/wollishofen\/blog\/2026\/03\/01\/raeder-reifenservice\/\",\"url\":\"https:\/\/jenatschgaragen.ch\/wollishofen\/blog\/2026\/03\/01\/raeder-reifenservice\/\",\"name\":\"R\u00e4der- &amp; Reifenservice\u00a0inkl. Einlagerung - Jenatschgarage Z\u00fcrich-Wollishofen\",\"isPartOf\":{\"@id\":\"https:\/\/jenatschgaragen.ch\/wollishofen\/#website\"},\"primaryImageOfPage\":{\"@id\":\"https:\/\/jenatschgaragen.ch\/wollishofen\/blog\/2026\/03\/01\/raeder-reifenservice\/#primaryimage\"},\"image\":{\"@id\":\"https:\/\/jenatschgaragen.ch\/wollishofen\/blog\/2026\/03\/01\/raeder-reifenservice\/#primaryimage\"},\"thumbnailUrl\":\"https:\/\/jenatschgaragen.ch\/wollishofen\/wp-content\/uploads\/sites\/4\/2026\/02\/News-Reifen.png\",\"datePublished\":\"2026-03-01T06:42:00+00:00\",\"dateModified\":\"2026-04-28T13:02:14+00:00\",\"breadcrumb\":{\"@id\":\"https:\/\/jenatschgaragen.ch\/wollishofen\/blog\/2026\/03\/01\/raeder-reifenservice\/#breadcrumb\"},\"inLanguage\":\"de-CH\",\"potentialAction\":[{\"@type\":\"ReadAction\",\"target\":[\"https:\/\/jenatschgaragen.ch\/wollishofen\/blog\/2026\/03\/01\/raeder-reifenservice\/\"]}]},{\"@type\":\"ImageObject\",\"inLanguage\":\"de-CH\",\"@id\":\"https:\/\/jenatschgaragen.ch\/wollishofen\/blog\/2026\/03\/01\/raeder-reifenservice\/#primaryimage\",\"url\":\"https:\/\/jenatschgaragen.ch\/wollishofen\/wp-content\/uploads\/sites\/4\/2026\/02\/News-Reifen.png\",\"contentUrl\":\"https:\/\/jenatschgaragen.ch\/wollishofen\/wp-content\/uploads\/sites\/4\/2026\/02\/News-Reifen.png\",\"width\":1920,\"height\":912},{\"@type\":\"BreadcrumbList\",\"@id\":\"https:\/\/jenatschgaragen.ch\/wollishofen\/blog\/2026\/03\/01\/raeder-reifenservice\/#breadcrumb\",\"itemListElement\":[{\"@type\":\"ListItem\",\"position\":1,\"name\":\"Home\",\"item\":\"https:\/\/jenatschgaragen.ch\/wollishofen\/\"},{\"@type\":\"ListItem\",\"position\":2,\"name\":\"R\u00e4der- &amp; Reifenservice\u00a0inkl. Einlagerung\"}]},{\"@type\":\"WebSite\",\"@id\":\"https:\/\/jenatschgaragen.ch\/wollishofen\/#website\",\"url\":\"https:\/\/jenatschgaragen.ch\/wollishofen\/\",\"name\":\"Jenatschgarage Z\u00fcrich-Wollishofen\",\"description\":\"Ihre Mobilit\u00e4ts-Experten in Z\u00fcrich-Wollishofen\\u2028\",\"publisher\":{\"@id\":\"https:\/\/jenatschgaragen.ch\/wollishofen\/#organization\"},\"potentialAction\":[{\"@type\":\"SearchAction\",\"target\":{\"@type\":\"EntryPoint\",\"urlTemplate\":\"https:\/\/jenatschgaragen.ch\/wollishofen\/?s={search_term_string}\"},\"query-input\":{\"@type\":\"PropertyValueSpecification\",\"valueRequired\":true,\"valueName\":\"search_term_string\"}}],\"inLanguage\":\"de-CH\"},{\"@type\":\"Organization\",\"@id\":\"https:\/\/jenatschgaragen.ch\/wollishofen\/#organization\",\"name\":\"Jenatschgarage Z\u00fcrich-Wollishofen\",\"url\":\"https:\/\/jenatschgaragen.ch\/wollishofen\/\",\"logo\":{\"@type\":\"ImageObject\",\"inLanguage\":\"de-CH\",\"@id\":\"https:\/\/jenatschgaragen.ch\/wollishofen\/#\/schema\/logo\/image\/\",\"url\":\"https:\/\/jenatschgaragen.ch\/wollishofen\/wp-content\/uploads\/sites\/4\/2026\/01\/logo-Jenatschgarage-Zuerich-Wollishofen.png\",\"contentUrl\":\"https:\/\/jenatschgaragen.ch\/wollishofen\/wp-content\/uploads\/sites\/4\/2026\/01\/logo-Jenatschgarage-Zuerich-Wollishofen.png\",\"width\":530,\"height\":110,\"caption\":\"Jenatschgarage Z\u00fcrich-Wollishofen\"},\"image\":{\"@id\":\"https:\/\/jenatschgaragen.ch\/wollishofen\/#\/schema\/logo\/image\/\"}},{\"@type\":\"Person\",\"@id\":\"https:\/\/jenatschgaragen.ch\/wollishofen\/#\/schema\/person\/3f0c42293c20f734b526373b913a0042\",\"name\":\"Esclama Lab\",\"image\":{\"@type\":\"ImageObject\",\"inLanguage\":\"de-CH\",\"@id\":\"https:\/\/secure.gravatar.com\/avatar\/ef82f862c47e468a3c2d3f3dfeedb4f223ade5dc11a5d398ef6ff186e3ba6be2?s=96&d=mm&r=g\",\"url\":\"https:\/\/secure.gravatar.com\/avatar\/ef82f862c47e468a3c2d3f3dfeedb4f223ade5dc11a5d398ef6ff186e3ba6be2?s=96&d=mm&r=g\",\"contentUrl\":\"https:\/\/secure.gravatar.com\/avatar\/ef82f862c47e468a3c2d3f3dfeedb4f223ade5dc11a5d398ef6ff186e3ba6be2?s=96&d=mm&r=g\",\"caption\":\"Esclama Lab\"},\"sameAs\":[\"https:\/\/jenatschgaragen.ch\"],\"url\":\"https:\/\/jenatschgaragen.ch\/wollishofen\/blog\/author\/esclama-lab\/\"}]}<\/script>\n<!-- \/ Yoast SEO plugin. -->","yoast_head_json":{"title":"R\u00e4der- &amp; Reifenservice\u00a0inkl. Einlagerung - Jenatschgarage Z\u00fcrich-Wollishofen","robots":{"index":"index","follow":"follow","max-snippet":"max-snippet:-1","max-image-preview":"max-image-preview:large","max-video-preview":"max-video-preview:-1"},"canonical":"https:\/\/jenatschgaragen.ch\/wollishofen\/blog\/2026\/03\/01\/raeder-reifenservice\/","og_locale":"de_DE","og_type":"article","og_title":"R\u00e4der- &amp; Reifenservice\u00a0inkl. Einlagerung - Jenatschgarage Z\u00fcrich-Wollishofen","og_description":"R\u00e4der &amp; Reifen bei der Jenatschgarage Z\u00fcrich-Wollishofen: Mehr als nur ein Reifenwechsel Der saisonale Reifenwechsel steht an? Dann sind Sie bei der Jenatschgarage Z\u00fcrich-Wollishofen genau richtig. Mit unserem professionellen R\u00e4der-Service sorgen wir daf\u00fcr, dass Sie jederzeit optimal f\u00fcr die kommende Jahreszeit ger\u00fcstet sind \u2013 sicher, komfortabel und ohne Aufwand. Schnell gewechselt. Fachgerecht montiert. Ob Winter- [&hellip;]","og_url":"https:\/\/jenatschgaragen.ch\/wollishofen\/blog\/2026\/03\/01\/raeder-reifenservice\/","og_site_name":"Jenatschgarage Z\u00fcrich-Wollishofen","article_published_time":"2026-03-01T06:42:00+00:00","article_modified_time":"2026-04-28T13:02:14+00:00","og_image":[{"width":1024,"height":486,"url":"https:\/\/jenatschgaragen.ch\/wollishofen\/wp-content\/uploads\/sites\/4\/2026\/02\/News-Reifen-1024x486.png","type":"image\/png"}],"author":"Esclama Lab","twitter_card":"summary_large_image","twitter_misc":{"Geschrieben von":"Esclama Lab","Gesch\u00e4tzte Lesezeit":"2\u00a0Minuten"},"schema":{"@context":"https:\/\/schema.org","@graph":[{"@type":"Article","@id":"https:\/\/jenatschgaragen.ch\/wollishofen\/blog\/2026\/03\/01\/raeder-reifenservice\/#article","isPartOf":{"@id":"https:\/\/jenatschgaragen.ch\/wollishofen\/blog\/2026\/03\/01\/raeder-reifenservice\/"},"author":{"name":"Esclama Lab","@id":"https:\/\/jenatschgaragen.ch\/wollishofen\/#\/schema\/person\/3f0c42293c20f734b526373b913a0042"},"headline":"R\u00e4der- &amp; Reifenservice\u00a0inkl. Einlagerung","datePublished":"2026-03-01T06:42:00+00:00","dateModified":"2026-04-28T13:02:14+00:00","mainEntityOfPage":{"@id":"https:\/\/jenatschgaragen.ch\/wollishofen\/blog\/2026\/03\/01\/raeder-reifenservice\/"},"wordCount":202,"publisher":{"@id":"https:\/\/jenatschgaragen.ch\/wollishofen\/#organization"},"image":{"@id":"https:\/\/jenatschgaragen.ch\/wollishofen\/blog\/2026\/03\/01\/raeder-reifenservice\/#primaryimage"},"thumbnailUrl":"https:\/\/jenatschgaragen.ch\/wollishofen\/wp-content\/uploads\/sites\/4\/2026\/02\/News-Reifen.png","articleSection":["Jenatschgarage Z\u00fcrich-Wollishofen"],"inLanguage":"de-CH"},{"@type":"WebPage","@id":"https:\/\/jenatschgaragen.ch\/wollishofen\/blog\/2026\/03\/01\/raeder-reifenservice\/","url":"https:\/\/jenatschgaragen.ch\/wollishofen\/blog\/2026\/03\/01\/raeder-reifenservice\/","name":"R\u00e4der- &amp; Reifenservice\u00a0inkl. Einlagerung - Jenatschgarage Z\u00fcrich-Wollishofen","isPartOf":{"@id":"https:\/\/jenatschgaragen.ch\/wollishofen\/#website"},"primaryImageOfPage":{"@id":"https:\/\/jenatschgaragen.ch\/wollishofen\/blog\/2026\/03\/01\/raeder-reifenservice\/#primaryimage"},"image":{"@id":"https:\/\/jenatschgaragen.ch\/wollishofen\/blog\/2026\/03\/01\/raeder-reifenservice\/#primaryimage"},"thumbnailUrl":"https:\/\/jenatschgaragen.ch\/wollishofen\/wp-content\/uploads\/sites\/4\/2026\/02\/News-Reifen.png","datePublished":"2026-03-01T06:42:00+00:00","dateModified":"2026-04-28T13:02:14+00:00","breadcrumb":{"@id":"https:\/\/jenatschgaragen.ch\/wollishofen\/blog\/2026\/03\/01\/raeder-reifenservice\/#breadcrumb"},"inLanguage":"de-CH","potentialAction":[{"@type":"ReadAction","target":["https:\/\/jenatschgaragen.ch\/wollishofen\/blog\/2026\/03\/01\/raeder-reifenservice\/"]}]},{"@type":"ImageObject","inLanguage":"de-CH","@id":"https:\/\/jenatschgaragen.ch\/wollishofen\/blog\/2026\/03\/01\/raeder-reifenservice\/#primaryimage","url":"https:\/\/jenatschgaragen.ch\/wollishofen\/wp-content\/uploads\/sites\/4\/2026\/02\/News-Reifen.png","contentUrl":"https:\/\/jenatschgaragen.ch\/wollishofen\/wp-content\/uploads\/sites\/4\/2026\/02\/News-Reifen.png","width":1920,"height":912},{"@type":"BreadcrumbList","@id":"https:\/\/jenatschgaragen.ch\/wollishofen\/blog\/2026\/03\/01\/raeder-reifenservice\/#breadcrumb","itemListElement":[{"@type":"ListItem","position":1,"name":"Home","item":"https:\/\/jenatschgaragen.ch\/wollishofen\/"},{"@type":"ListItem","position":2,"name":"R\u00e4der- &amp; Reifenservice\u00a0inkl. Einlagerung"}]},{"@type":"WebSite","@id":"https:\/\/jenatschgaragen.ch\/wollishofen\/#website","url":"https:\/\/jenatschgaragen.ch\/wollishofen\/","name":"Jenatschgarage Z\u00fcrich-Wollishofen","description":"Ihre Mobilit\u00e4ts-Experten in Z\u00fcrich-Wollishofen\u2028","publisher":{"@id":"https:\/\/jenatschgaragen.ch\/wollishofen\/#organization"},"potentialAction":[{"@type":"SearchAction","target":{"@type":"EntryPoint","urlTemplate":"https:\/\/jenatschgaragen.ch\/wollishofen\/?s={search_term_string}"},"query-input":{"@type":"PropertyValueSpecification","valueRequired":true,"valueName":"search_term_string"}}],"inLanguage":"de-CH"},{"@type":"Organization","@id":"https:\/\/jenatschgaragen.ch\/wollishofen\/#organization","name":"Jenatschgarage Z\u00fcrich-Wollishofen","url":"https:\/\/jenatschgaragen.ch\/wollishofen\/","logo":{"@type":"ImageObject","inLanguage":"de-CH","@id":"https:\/\/jenatschgaragen.ch\/wollishofen\/#\/schema\/logo\/image\/","url":"https:\/\/jenatschgaragen.ch\/wollishofen\/wp-content\/uploads\/sites\/4\/2026\/01\/logo-Jenatschgarage-Zuerich-Wollishofen.png","contentUrl":"https:\/\/jenatschgaragen.ch\/wollishofen\/wp-content\/uploads\/sites\/4\/2026\/01\/logo-Jenatschgarage-Zuerich-Wollishofen.png","width":530,"height":110,"caption":"Jenatschgarage Z\u00fcrich-Wollishofen"},"image":{"@id":"https:\/\/jenatschgaragen.ch\/wollishofen\/#\/schema\/logo\/image\/"}},{"@type":"Person","@id":"https:\/\/jenatschgaragen.ch\/wollishofen\/#\/schema\/person\/3f0c42293c20f734b526373b913a0042","name":"Esclama Lab","image":{"@type":"ImageObject","inLanguage":"de-CH","@id":"https:\/\/secure.gravatar.com\/avatar\/ef82f862c47e468a3c2d3f3dfeedb4f223ade5dc11a5d398ef6ff186e3ba6be2?s=96&d=mm&r=g","url":"https:\/\/secure.gravatar.com\/avatar\/ef82f862c47e468a3c2d3f3dfeedb4f223ade5dc11a5d398ef6ff186e3ba6be2?s=96&d=mm&r=g","contentUrl":"https:\/\/secure.gravatar.com\/avatar\/ef82f862c47e468a3c2d3f3dfeedb4f223ade5dc11a5d398ef6ff186e3ba6be2?s=96&d=mm&r=g","caption":"Esclama Lab"},"sameAs":["https:\/\/jenatschgaragen.ch"],"url":"https:\/\/jenatschgaragen.ch\/wollishofen\/blog\/author\/esclama-lab\/"}]}},"_links":{"self":[{"href":"https:\/\/jenatschgaragen.ch\/wollishofen\/wp-json\/wp\/v2\/posts\/1406","targetHints":{"allow":["GET"]}}],"collection":[{"href":"https:\/\/jenatschgaragen.ch\/wollishofen\/wp-json\/wp\/v2\/posts"}],"about":[{"href":"https:\/\/jenatschgaragen.ch\/wollishofen\/wp-json\/wp\/v2\/types\/post"}],"author":[{"embeddable":true,"href":"https:\/\/jenatschgaragen.ch\/wollishofen\/wp-json\/wp\/v2\/users\/1"}],"replies":[{"embeddable":true,"href":"https:\/\/jenatschgaragen.ch\/wollishofen\/wp-json\/wp\/v2\/comments?post=1406"}],"version-history":[{"count":5,"href":"https:\/\/jenatschgaragen.ch\/wollishofen\/wp-json\/wp\/v2\/posts\/1406\/revisions"}],"predecessor-version":[{"id":1615,"href":"https:\/\/jenatschgaragen.ch\/wollishofen\/wp-json\/wp\/v2\/posts\/1406\/revisions\/1615"}],"wp:featuredmedia":[{"embeddable":true,"href":"https:\/\/jenatschgaragen.ch\/wollishofen\/wp-json\/wp\/v2\/media\/1407"}],"wp:attachment":[{"href":"https:\/\/jenatschgaragen.ch\/wollishofen\/wp-json\/wp\/v2\/media?parent=1406"}],"wp:term":[{"taxonomy":"category","embeddable":true,"href":"https:\/\/jenatschgaragen.ch\/wollishofen\/wp-json\/wp\/v2\/categories?post=1406"},{"taxonomy":"post_tag","embeddable":true,"href":"https:\/\/jenatschgaragen.ch\/wollishofen\/wp-json\/wp\/v2\/tags?post=1406"}],"curies":[{"name":"wp","href":"https:\/\/api.w.org\/{rel}","templated":true}]}}