{"id":752,"date":"2026-08-30T16:48:17","date_gmt":"2026-08-30T14:48:17","guid":{"rendered":"https:\/\/effecto-marketing.ch\/jenatsch\/garage-sommerhalder\/?p=752"},"modified":"2026-09-03T16:52:50","modified_gmt":"2026-09-03T14:52:50","slug":"der-neue-t-roc","status":"publish","type":"post","link":"https:\/\/jenatschgaragen.ch\/sommerhalder\/blog\/2026\/08\/30\/der-neue-t-roc\/","title":{"rendered":"Der neue T-Roc \u2013 Jetzt auch mit Allrad ab CHF 43&#8217;900.\u2013"},"content":{"rendered":"\t\t<div data-elementor-type=\"wp-post\" data-elementor-id=\"752\" class=\"elementor elementor-752\" data-elementor-post-type=\"post\">\n\t\t\t\t<div class=\"elementor-element elementor-element-6f88f8e2 e-flex e-con-boxed e-con e-parent\" data-id=\"6f88f8e2\" data-element_type=\"container\" data-e-type=\"container\">\n\t\t\t\t\t<div class=\"e-con-inner\">\n\t\t\t\t<div class=\"elementor-element elementor-element-8d19aa0 elementor-widget elementor-widget-text-editor\" data-id=\"8d19aa0\" data-element_type=\"widget\" data-e-type=\"widget\" data-widget_type=\"text-editor.default\">\n\t\t\t\t\t\t\t\t\t\n<h4 class=\"StyledTextComponent-sc-hqqa9q ezRFZe\"><span class=\"sc-eqUAAy AGlyM\"><b>Eine neue \u00c4ra des Rock!<br \/><\/b>Sportlich. Flexibel. Komfortabel. Entdecken Sie den neuen T-Roc!<\/span><\/h4>\n<p class=\"wp-block-paragraph\">W\u00e4hlen Sie aus vier Ausstattungslinien \u2013 Trend, Life, Style und R-Line \u2013 und erg\u00e4nzen Sie Ihren T-Roc mit zus\u00e4tzlichen Ausstattungspaketen ganz nach Ihrem Stil.<\/p>\n<h4><strong>Der beliebte SUV ist bereit f\u00fcr die n\u00e4chste Stufe: Ab sofort ist der neue T-Roc mit dem 4Motion Allradantrieb erh\u00e4ltlich.<\/strong><\/h4>\n<p>Egal ob nasse Strassen oder Bergp\u00e4sse: Der neue T-Roc vereint seinen unverkennbaren Style mit maximaler Traktion und sp\u00fcrbar mehr Fahrdynamik. Ganz gleich, wohin der Weg f\u00fchrt: Der neue T-Roc rockt.\u00a0<\/p>\n<h3><strong>VW T-Roc 4&#215;4 \u2013 ab CHF 43&#8217;900.\u2013<\/strong><\/h3>\n<p class=\"isSelectedEnd\">Mehr Traktion, mehr M\u00f6glichkeiten: Mit dem <strong>VW T-Roc 4&#215;4<\/strong> sind Sie bestens f\u00fcr die kommende Herbst- und Wintersaison vorbereitet.<\/p>\n<h3><strong>VW T-Roc HEV \u2013 Leasing ab CHF 199.\u2013\/Mt.<\/strong><\/h3>\n<p class=\"isSelectedEnd\">Kompaktes SUV-Design trifft auf effiziente Technologie: Der <strong>VW T-Roc HEV<\/strong> verbindet einen modernen Auftritt mit Fahrkomfort und Alltagstauglichkeit.<\/p>\n<p class=\"isSelectedEnd\">Aktuell profitieren Sie von einem besonders attraktiven Angebot:<\/p>\n<p><strong>Leasing ab CHF 199.\u2013 pro Monat.<\/strong><\/p>\n\t\t\t\t\t\t\t\t<\/div>\n\t\t<div class=\"elementor-element elementor-element-a8425c0 e-grid e-con-full e-con e-child\" data-id=\"a8425c0\" data-element_type=\"container\" data-e-type=\"container\">\n\t\t\t\t<div class=\"elementor-element elementor-element-e1c60d1 elementor-widget elementor-widget-image\" data-id=\"e1c60d1\" data-element_type=\"widget\" data-e-type=\"widget\" data-widget_type=\"image.default\">\n\t\t\t\t\t\t\t\t\t\t\t\t\t\t\t<img fetchpriority=\"high\" decoding=\"async\" width=\"800\" height=\"1000\" src=\"https:\/\/jenatschgaragen.ch\/sommerhalder\/wp-content\/uploads\/sites\/2\/2026\/08\/Feed-1_1-7-819x1024.png\" class=\"attachment-large size-large wp-image-2115\" alt=\"\" srcset=\"https:\/\/jenatschgaragen.ch\/sommerhalder\/wp-content\/uploads\/sites\/2\/2026\/08\/Feed-1_1-7-819x1024.png 819w, https:\/\/jenatschgaragen.ch\/sommerhalder\/wp-content\/uploads\/sites\/2\/2026\/08\/Feed-1_1-7-240x300.png 240w, https:\/\/jenatschgaragen.ch\/sommerhalder\/wp-content\/uploads\/sites\/2\/2026\/08\/Feed-1_1-7-768x960.png 768w, https:\/\/jenatschgaragen.ch\/sommerhalder\/wp-content\/uploads\/sites\/2\/2026\/08\/Feed-1_1-7.png 1080w\" sizes=\"(max-width: 800px) 100vw, 800px\" \/>\t\t\t\t\t\t\t\t\t\t\t\t\t\t\t<\/div>\n\t\t\t\t<div class=\"elementor-element elementor-element-1823780 elementor-widget elementor-widget-image\" data-id=\"1823780\" data-element_type=\"widget\" data-e-type=\"widget\" data-widget_type=\"image.default\">\n\t\t\t\t\t\t\t\t\t\t\t\t\t\t\t<img decoding=\"async\" width=\"800\" height=\"1000\" src=\"https:\/\/jenatschgaragen.ch\/sommerhalder\/wp-content\/uploads\/sites\/2\/2026\/08\/Feed-1_1-8-819x1024.png\" class=\"attachment-large size-large wp-image-2116\" alt=\"\" srcset=\"https:\/\/jenatschgaragen.ch\/sommerhalder\/wp-content\/uploads\/sites\/2\/2026\/08\/Feed-1_1-8-819x1024.png 819w, https:\/\/jenatschgaragen.ch\/sommerhalder\/wp-content\/uploads\/sites\/2\/2026\/08\/Feed-1_1-8-240x300.png 240w, https:\/\/jenatschgaragen.ch\/sommerhalder\/wp-content\/uploads\/sites\/2\/2026\/08\/Feed-1_1-8-768x960.png 768w, https:\/\/jenatschgaragen.ch\/sommerhalder\/wp-content\/uploads\/sites\/2\/2026\/08\/Feed-1_1-8.png 1080w\" sizes=\"(max-width: 800px) 100vw, 800px\" \/>\t\t\t\t\t\t\t\t\t\t\t\t\t\t\t<\/div>\n\t\t\t\t<\/div>\n\t\t\t\t\t<\/div>\n\t\t\t\t<\/div>\n\t\t<div class=\"elementor-element elementor-element-1f119e2 e-flex e-con-boxed e-con e-parent\" data-id=\"1f119e2\" data-element_type=\"container\" data-e-type=\"container\">\n\t\t\t\t\t<div class=\"e-con-inner\">\n\t\t<div class=\"elementor-element elementor-element-bcd15a8 e-grid e-con-full e-con e-child\" data-id=\"bcd15a8\" data-element_type=\"container\" data-e-type=\"container\">\n\t\t\t\t<div class=\"elementor-element elementor-element-2475098 elementor-widget elementor-widget-image\" data-id=\"2475098\" data-element_type=\"widget\" data-e-type=\"widget\" data-widget_type=\"image.default\">\n\t\t\t\t\t\t\t\t\t\t\t\t\t\t\t<img decoding=\"async\" width=\"800\" height=\"534\" src=\"https:\/\/jenatschgaragen.ch\/sommerhalder\/wp-content\/uploads\/sites\/2\/2026\/02\/TRoc_interne_SSSSSOMMERHALDER_02-1024x683.jpg\" class=\"attachment-large size-large wp-image-1710\" alt=\"\" srcset=\"https:\/\/jenatschgaragen.ch\/sommerhalder\/wp-content\/uploads\/sites\/2\/2026\/02\/TRoc_interne_SSSSSOMMERHALDER_02-1024x683.jpg 1024w, https:\/\/jenatschgaragen.ch\/sommerhalder\/wp-content\/uploads\/sites\/2\/2026\/02\/TRoc_interne_SSSSSOMMERHALDER_02-300x200.jpg 300w, https:\/\/jenatschgaragen.ch\/sommerhalder\/wp-content\/uploads\/sites\/2\/2026\/02\/TRoc_interne_SSSSSOMMERHALDER_02-768x512.jpg 768w, https:\/\/jenatschgaragen.ch\/sommerhalder\/wp-content\/uploads\/sites\/2\/2026\/02\/TRoc_interne_SSSSSOMMERHALDER_02-1536x1024.jpg 1536w, https:\/\/jenatschgaragen.ch\/sommerhalder\/wp-content\/uploads\/sites\/2\/2026\/02\/TRoc_interne_SSSSSOMMERHALDER_02.jpg 1600w\" sizes=\"(max-width: 800px) 100vw, 800px\" \/>\t\t\t\t\t\t\t\t\t\t\t\t\t\t\t<\/div>\n\t\t\t\t<div class=\"elementor-element elementor-element-8f2e739 elementor-widget elementor-widget-image\" data-id=\"8f2e739\" data-element_type=\"widget\" data-e-type=\"widget\" data-widget_type=\"image.default\">\n\t\t\t\t\t\t\t\t\t\t\t\t\t\t\t<img loading=\"lazy\" decoding=\"async\" width=\"800\" height=\"534\" src=\"https:\/\/jenatschgaragen.ch\/sommerhalder\/wp-content\/uploads\/sites\/2\/2026\/02\/TRoc_interne_SSSSSOMMERHALDER_03-1024x683.jpg\" class=\"attachment-large size-large wp-image-1711\" alt=\"\" srcset=\"https:\/\/jenatschgaragen.ch\/sommerhalder\/wp-content\/uploads\/sites\/2\/2026\/02\/TRoc_interne_SSSSSOMMERHALDER_03-1024x683.jpg 1024w, https:\/\/jenatschgaragen.ch\/sommerhalder\/wp-content\/uploads\/sites\/2\/2026\/02\/TRoc_interne_SSSSSOMMERHALDER_03-300x200.jpg 300w, https:\/\/jenatschgaragen.ch\/sommerhalder\/wp-content\/uploads\/sites\/2\/2026\/02\/TRoc_interne_SSSSSOMMERHALDER_03-768x512.jpg 768w, https:\/\/jenatschgaragen.ch\/sommerhalder\/wp-content\/uploads\/sites\/2\/2026\/02\/TRoc_interne_SSSSSOMMERHALDER_03-1536x1024.jpg 1536w, https:\/\/jenatschgaragen.ch\/sommerhalder\/wp-content\/uploads\/sites\/2\/2026\/02\/TRoc_interne_SSSSSOMMERHALDER_03.jpg 1600w\" sizes=\"(max-width: 800px) 100vw, 800px\" \/>\t\t\t\t\t\t\t\t\t\t\t\t\t\t\t<\/div>\n\t\t\t\t<div class=\"elementor-element elementor-element-b503cac elementor-widget elementor-widget-image\" data-id=\"b503cac\" data-element_type=\"widget\" data-e-type=\"widget\" data-widget_type=\"image.default\">\n\t\t\t\t\t\t\t\t\t\t\t\t\t\t\t<img loading=\"lazy\" decoding=\"async\" width=\"800\" height=\"480\" src=\"https:\/\/jenatschgaragen.ch\/sommerhalder\/wp-content\/uploads\/sites\/2\/2026\/01\/TC1281_red_T-Roc_parking_near_building-1024x614.png\" class=\"attachment-large size-large wp-image-1643\" alt=\"\" srcset=\"https:\/\/jenatschgaragen.ch\/sommerhalder\/wp-content\/uploads\/sites\/2\/2026\/01\/TC1281_red_T-Roc_parking_near_building-1024x614.png 1024w, https:\/\/jenatschgaragen.ch\/sommerhalder\/wp-content\/uploads\/sites\/2\/2026\/01\/TC1281_red_T-Roc_parking_near_building-300x180.png 300w, https:\/\/jenatschgaragen.ch\/sommerhalder\/wp-content\/uploads\/sites\/2\/2026\/01\/TC1281_red_T-Roc_parking_near_building-768x461.png 768w, https:\/\/jenatschgaragen.ch\/sommerhalder\/wp-content\/uploads\/sites\/2\/2026\/01\/TC1281_red_T-Roc_parking_near_building-1536x922.png 1536w, https:\/\/jenatschgaragen.ch\/sommerhalder\/wp-content\/uploads\/sites\/2\/2026\/01\/TC1281_red_T-Roc_parking_near_building.png 1800w\" sizes=\"(max-width: 800px) 100vw, 800px\" \/>\t\t\t\t\t\t\t\t\t\t\t\t\t\t\t<\/div>\n\t\t\t\t<div class=\"elementor-element elementor-element-72c95fb elementor-widget elementor-widget-image\" data-id=\"72c95fb\" data-element_type=\"widget\" data-e-type=\"widget\" data-widget_type=\"image.default\">\n\t\t\t\t\t\t\t\t\t\t\t\t\t\t\t<img loading=\"lazy\" decoding=\"async\" width=\"800\" height=\"534\" src=\"https:\/\/jenatschgaragen.ch\/sommerhalder\/wp-content\/uploads\/sites\/2\/2026\/01\/TRoc_interne_SSSSSOMMERHALDER_01-1024x683.jpg\" class=\"attachment-large size-large wp-image-1640\" alt=\"\" srcset=\"https:\/\/jenatschgaragen.ch\/sommerhalder\/wp-content\/uploads\/sites\/2\/2026\/01\/TRoc_interne_SSSSSOMMERHALDER_01-1024x683.jpg 1024w, https:\/\/jenatschgaragen.ch\/sommerhalder\/wp-content\/uploads\/sites\/2\/2026\/01\/TRoc_interne_SSSSSOMMERHALDER_01-300x200.jpg 300w, https:\/\/jenatschgaragen.ch\/sommerhalder\/wp-content\/uploads\/sites\/2\/2026\/01\/TRoc_interne_SSSSSOMMERHALDER_01-768x512.jpg 768w, https:\/\/jenatschgaragen.ch\/sommerhalder\/wp-content\/uploads\/sites\/2\/2026\/01\/TRoc_interne_SSSSSOMMERHALDER_01-1536x1024.jpg 1536w, https:\/\/jenatschgaragen.ch\/sommerhalder\/wp-content\/uploads\/sites\/2\/2026\/01\/TRoc_interne_SSSSSOMMERHALDER_01.jpg 1600w\" sizes=\"(max-width: 800px) 100vw, 800px\" \/>\t\t\t\t\t\t\t\t\t\t\t\t\t\t\t<\/div>\n\t\t\t\t<\/div>\n\t\t\t\t\t<\/div>\n\t\t\t\t<\/div>\n\t\t<div class=\"elementor-element elementor-element-7e7277c e-grid e-con-full e-con e-parent\" data-id=\"7e7277c\" data-element_type=\"container\" data-e-type=\"container\">\n\t\t\t\t<div class=\"elementor-element elementor-element-9af0e34 elementor-widget elementor-widget-text-editor\" data-id=\"9af0e34\" data-element_type=\"widget\" data-e-type=\"widget\" data-widget_type=\"text-editor.default\">\n\t\t\t\t\t\t\t\t\t<p>W T-Roc Trend 1.5 TSI, 115 PS, 7-Gang-DSG, 5.6 l\/100 km, 127 g CO<sub>2<\/sub>\/km, Kat. D.<\/p>\n<p>VW T-Roc Life 1.5 TSI, 150 PS, 7-Gang-DSG, 5.8 l\/100 km, 131 g CO<sub>2<\/sub>\/km, Kat. E.<\/p>\n<p>VW T-Roc Style 1.5 TSI, 150 PS, 7-Gang-DSG, 6.0 l\/100 km, 137 g CO<sub>2<\/sub>\/km, Kat. E.<\/p>\n<p>VW T-Roc R-Line 1.5 TSI, 150 PS, 7-Gang-DSG, 6.0 l\/100 km, 136 g CO<sub>2<\/sub>\/km, Kat. E.<\/p>\t\t\t\t\t\t\t\t<\/div>\n\t\t\t\t<div class=\"elementor-element elementor-element-19b9ef0 elementor-widget elementor-widget-image\" data-id=\"19b9ef0\" data-element_type=\"widget\" data-e-type=\"widget\" data-widget_type=\"image.default\">\n\t\t\t\t\t\t\t\t\t\t\t\t\t\t\t<img loading=\"lazy\" decoding=\"async\" width=\"800\" height=\"450\" src=\"https:\/\/jenatschgaragen.ch\/sommerhalder\/wp-content\/uploads\/sites\/2\/2026\/01\/2026-enev_etiquette-D-de-16x9-1920x1080-1-1024x576.png\" class=\"attachment-large size-large wp-image-1644\" alt=\"\" srcset=\"https:\/\/jenatschgaragen.ch\/sommerhalder\/wp-content\/uploads\/sites\/2\/2026\/01\/2026-enev_etiquette-D-de-16x9-1920x1080-1-1024x576.png 1024w, https:\/\/jenatschgaragen.ch\/sommerhalder\/wp-content\/uploads\/sites\/2\/2026\/01\/2026-enev_etiquette-D-de-16x9-1920x1080-1-300x169.png 300w, https:\/\/jenatschgaragen.ch\/sommerhalder\/wp-content\/uploads\/sites\/2\/2026\/01\/2026-enev_etiquette-D-de-16x9-1920x1080-1-768x432.png 768w, https:\/\/jenatschgaragen.ch\/sommerhalder\/wp-content\/uploads\/sites\/2\/2026\/01\/2026-enev_etiquette-D-de-16x9-1920x1080-1-1536x864.png 1536w, https:\/\/jenatschgaragen.ch\/sommerhalder\/wp-content\/uploads\/sites\/2\/2026\/01\/2026-enev_etiquette-D-de-16x9-1920x1080-1.png 1920w\" sizes=\"(max-width: 800px) 100vw, 800px\" \/>\t\t\t\t\t\t\t\t\t\t\t\t\t\t\t<\/div>\n\t\t\t\t<div class=\"elementor-element elementor-element-c365306 elementor-widget elementor-widget-image\" data-id=\"c365306\" data-element_type=\"widget\" data-e-type=\"widget\" data-widget_type=\"image.default\">\n\t\t\t\t\t\t\t\t\t\t\t\t\t\t\t<img loading=\"lazy\" decoding=\"async\" width=\"1920\" height=\"1080\" src=\"https:\/\/jenatschgaragen.ch\/sommerhalder\/wp-content\/uploads\/sites\/2\/2026\/01\/2026-enev_etiquette-E-de-16x9-1920x1080-1.png\" class=\"attachment-full size-full wp-image-1645\" alt=\"\" srcset=\"https:\/\/jenatschgaragen.ch\/sommerhalder\/wp-content\/uploads\/sites\/2\/2026\/01\/2026-enev_etiquette-E-de-16x9-1920x1080-1.png 1920w, https:\/\/jenatschgaragen.ch\/sommerhalder\/wp-content\/uploads\/sites\/2\/2026\/01\/2026-enev_etiquette-E-de-16x9-1920x1080-1-300x169.png 300w, https:\/\/jenatschgaragen.ch\/sommerhalder\/wp-content\/uploads\/sites\/2\/2026\/01\/2026-enev_etiquette-E-de-16x9-1920x1080-1-1024x576.png 1024w, https:\/\/jenatschgaragen.ch\/sommerhalder\/wp-content\/uploads\/sites\/2\/2026\/01\/2026-enev_etiquette-E-de-16x9-1920x1080-1-768x432.png 768w, https:\/\/jenatschgaragen.ch\/sommerhalder\/wp-content\/uploads\/sites\/2\/2026\/01\/2026-enev_etiquette-E-de-16x9-1920x1080-1-1536x864.png 1536w\" sizes=\"(max-width: 1920px) 100vw, 1920px\" \/>\t\t\t\t\t\t\t\t\t\t\t\t\t\t\t<\/div>\n\t\t\t\t<\/div>\n\t\t\t\t<\/div>\n\t\t","protected":false},"excerpt":{"rendered":"<p>Eine neue \u00c4ra des Rock!Sportlich. Flexibel. Komfortabel. Entdecken Sie den neuen T-Roc! W\u00e4hlen Sie aus vier Ausstattungslinien \u2013 Trend, Life, Style und R-Line \u2013 und erg\u00e4nzen Sie Ihren T-Roc mit zus\u00e4tzlichen Ausstattungspaketen ganz nach Ihrem Stil. Der beliebte SUV ist bereit f\u00fcr die n\u00e4chste Stufe: Ab sofort ist der neue T-Roc mit dem 4Motion Allradantrieb [&hellip;]<\/p>\n","protected":false},"author":1,"featured_media":1638,"comment_status":"closed","ping_status":"open","sticky":false,"template":"","format":"standard","meta":{"footnotes":""},"categories":[10],"tags":[],"class_list":["post-752","post","type-post","status-publish","format-standard","has-post-thumbnail","hentry","category-garage-sommerhalder"],"yoast_head":"<!-- This site is optimized with the Yoast SEO plugin v27.9 - https:\/\/yoast.com\/product\/yoast-seo-wordpress\/ -->\n<title>Der neue T-Roc \u2013 Jetzt auch mit Allrad ab CHF 43&#039;900.\u2013 - Garage Sommerhalder<\/title>\n<meta name=\"description\" content=\"Der neue T-Roc rockt \u2013 jetzt auch mit Allrad! Bei uns in Z\u00fcrich bei der Garage Sommerhalder jetzt erh\u00e4ltlich.\" \/>\n<meta name=\"robots\" content=\"index, follow, max-snippet:-1, max-image-preview:large, max-video-preview:-1\" \/>\n<link rel=\"canonical\" href=\"https:\/\/jenatschgaragen.ch\/sommerhalder\/blog\/2026\/08\/30\/der-neue-t-roc\/\" \/>\n<meta property=\"og:locale\" content=\"de_DE\" \/>\n<meta property=\"og:type\" content=\"article\" \/>\n<meta property=\"og:title\" content=\"Der neue T-Roc \u2013 Jetzt auch mit Allrad ab CHF 43&#039;900.\u2013 - Garage Sommerhalder\" \/>\n<meta property=\"og:description\" content=\"Der neue T-Roc rockt \u2013 jetzt auch mit Allrad! Bei uns in Z\u00fcrich bei der Garage Sommerhalder jetzt erh\u00e4ltlich.\" \/>\n<meta property=\"og:url\" content=\"https:\/\/jenatschgaragen.ch\/sommerhalder\/blog\/2026\/08\/30\/der-neue-t-roc\/\" \/>\n<meta property=\"og:site_name\" content=\"Garage Sommerhalder\" \/>\n<meta property=\"article:published_time\" content=\"2026-08-30T14:48:17+00:00\" \/>\n<meta property=\"article:modified_time\" content=\"2026-09-03T14:52:50+00:00\" \/>\n<meta property=\"og:image\" content=\"https:\/\/jenatschgaragen.ch\/sommerhalder\/wp-content\/uploads\/sites\/2\/2026\/01\/sommerhalder-slide-02.jpg\" \/>\n\t<meta property=\"og:image:width\" content=\"1600\" \/>\n\t<meta property=\"og:image:height\" content=\"716\" \/>\n\t<meta property=\"og:image:type\" content=\"image\/jpeg\" \/>\n<meta name=\"author\" content=\"Esclama Lab\" \/>\n<meta name=\"twitter:card\" content=\"summary_large_image\" \/>\n<meta name=\"twitter:label1\" content=\"Geschrieben von\" \/>\n\t<meta name=\"twitter:data1\" content=\"Esclama Lab\" \/>\n\t<meta name=\"twitter:label2\" content=\"Gesch\u00e4tzte Lesezeit\" \/>\n\t<meta name=\"twitter:data2\" content=\"4\u00a0Minuten\" \/>\n<script type=\"application\/ld+json\" class=\"yoast-schema-graph\">{\"@context\":\"https:\\\/\\\/schema.org\",\"@graph\":[{\"@type\":\"Article\",\"@id\":\"https:\\\/\\\/jenatschgaragen.ch\\\/sommerhalder\\\/blog\\\/2026\\\/08\\\/30\\\/der-neue-t-roc\\\/#article\",\"isPartOf\":{\"@id\":\"https:\\\/\\\/jenatschgaragen.ch\\\/sommerhalder\\\/blog\\\/2026\\\/08\\\/30\\\/der-neue-t-roc\\\/\"},\"author\":{\"name\":\"Esclama Lab\",\"@id\":\"https:\\\/\\\/jenatschgaragen.ch\\\/sommerhalder\\\/#\\\/schema\\\/person\\\/3f0c42293c20f734b526373b913a0042\"},\"headline\":\"Der neue T-Roc \u2013 Jetzt auch mit Allrad ab CHF 43&#8217;900.\u2013\",\"datePublished\":\"2026-08-30T14:48:17+00:00\",\"dateModified\":\"2026-09-03T14:52:50+00:00\",\"mainEntityOfPage\":{\"@id\":\"https:\\\/\\\/jenatschgaragen.ch\\\/sommerhalder\\\/blog\\\/2026\\\/08\\\/30\\\/der-neue-t-roc\\\/\"},\"wordCount\":219,\"publisher\":{\"@id\":\"https:\\\/\\\/jenatschgaragen.ch\\\/sommerhalder\\\/#organization\"},\"image\":{\"@id\":\"https:\\\/\\\/jenatschgaragen.ch\\\/sommerhalder\\\/blog\\\/2026\\\/08\\\/30\\\/der-neue-t-roc\\\/#primaryimage\"},\"thumbnailUrl\":\"https:\\\/\\\/jenatschgaragen.ch\\\/sommerhalder\\\/wp-content\\\/uploads\\\/sites\\\/2\\\/2026\\\/01\\\/sommerhalder-slide-02.jpg\",\"articleSection\":[\"Garage Sommerhalder\"],\"inLanguage\":\"de-CH\"},{\"@type\":\"WebPage\",\"@id\":\"https:\\\/\\\/jenatschgaragen.ch\\\/sommerhalder\\\/blog\\\/2026\\\/08\\\/30\\\/der-neue-t-roc\\\/\",\"url\":\"https:\\\/\\\/jenatschgaragen.ch\\\/sommerhalder\\\/blog\\\/2026\\\/08\\\/30\\\/der-neue-t-roc\\\/\",\"name\":\"Der neue T-Roc \u2013 Jetzt auch mit Allrad ab CHF 43'900.\u2013 - Garage Sommerhalder\",\"isPartOf\":{\"@id\":\"https:\\\/\\\/jenatschgaragen.ch\\\/sommerhalder\\\/#website\"},\"primaryImageOfPage\":{\"@id\":\"https:\\\/\\\/jenatschgaragen.ch\\\/sommerhalder\\\/blog\\\/2026\\\/08\\\/30\\\/der-neue-t-roc\\\/#primaryimage\"},\"image\":{\"@id\":\"https:\\\/\\\/jenatschgaragen.ch\\\/sommerhalder\\\/blog\\\/2026\\\/08\\\/30\\\/der-neue-t-roc\\\/#primaryimage\"},\"thumbnailUrl\":\"https:\\\/\\\/jenatschgaragen.ch\\\/sommerhalder\\\/wp-content\\\/uploads\\\/sites\\\/2\\\/2026\\\/01\\\/sommerhalder-slide-02.jpg\",\"datePublished\":\"2026-08-30T14:48:17+00:00\",\"dateModified\":\"2026-09-03T14:52:50+00:00\",\"description\":\"Der neue T-Roc rockt \u2013 jetzt auch mit Allrad! Bei uns in Z\u00fcrich bei der Garage Sommerhalder jetzt erh\u00e4ltlich.\",\"breadcrumb\":{\"@id\":\"https:\\\/\\\/jenatschgaragen.ch\\\/sommerhalder\\\/blog\\\/2026\\\/08\\\/30\\\/der-neue-t-roc\\\/#breadcrumb\"},\"inLanguage\":\"de-CH\",\"potentialAction\":[{\"@type\":\"ReadAction\",\"target\":[\"https:\\\/\\\/jenatschgaragen.ch\\\/sommerhalder\\\/blog\\\/2026\\\/08\\\/30\\\/der-neue-t-roc\\\/\"]}]},{\"@type\":\"ImageObject\",\"inLanguage\":\"de-CH\",\"@id\":\"https:\\\/\\\/jenatschgaragen.ch\\\/sommerhalder\\\/blog\\\/2026\\\/08\\\/30\\\/der-neue-t-roc\\\/#primaryimage\",\"url\":\"https:\\\/\\\/jenatschgaragen.ch\\\/sommerhalder\\\/wp-content\\\/uploads\\\/sites\\\/2\\\/2026\\\/01\\\/sommerhalder-slide-02.jpg\",\"contentUrl\":\"https:\\\/\\\/jenatschgaragen.ch\\\/sommerhalder\\\/wp-content\\\/uploads\\\/sites\\\/2\\\/2026\\\/01\\\/sommerhalder-slide-02.jpg\",\"width\":1600,\"height\":716},{\"@type\":\"BreadcrumbList\",\"@id\":\"https:\\\/\\\/jenatschgaragen.ch\\\/sommerhalder\\\/blog\\\/2026\\\/08\\\/30\\\/der-neue-t-roc\\\/#breadcrumb\",\"itemListElement\":[{\"@type\":\"ListItem\",\"position\":1,\"name\":\"Home\",\"item\":\"https:\\\/\\\/jenatschgaragen.ch\\\/sommerhalder\\\/\"},{\"@type\":\"ListItem\",\"position\":2,\"name\":\"Der neue T-Roc \u2013 Jetzt auch mit Allrad ab CHF 43&#8217;900.\u2013\"}]},{\"@type\":\"WebSite\",\"@id\":\"https:\\\/\\\/jenatschgaragen.ch\\\/sommerhalder\\\/#website\",\"url\":\"https:\\\/\\\/jenatschgaragen.ch\\\/sommerhalder\\\/\",\"name\":\"Garage Sommerhalder\",\"description\":\"Ihre Volkswagen-Experten im Herzen von Z\u00fcrich\\u2028\",\"publisher\":{\"@id\":\"https:\\\/\\\/jenatschgaragen.ch\\\/sommerhalder\\\/#organization\"},\"potentialAction\":[{\"@type\":\"SearchAction\",\"target\":{\"@type\":\"EntryPoint\",\"urlTemplate\":\"https:\\\/\\\/jenatschgaragen.ch\\\/sommerhalder\\\/?s={search_term_string}\"},\"query-input\":{\"@type\":\"PropertyValueSpecification\",\"valueRequired\":true,\"valueName\":\"search_term_string\"}}],\"inLanguage\":\"de-CH\"},{\"@type\":\"Organization\",\"@id\":\"https:\\\/\\\/jenatschgaragen.ch\\\/sommerhalder\\\/#organization\",\"name\":\"Garage Sommerhalder\",\"url\":\"https:\\\/\\\/jenatschgaragen.ch\\\/sommerhalder\\\/\",\"logo\":{\"@type\":\"ImageObject\",\"inLanguage\":\"de-CH\",\"@id\":\"https:\\\/\\\/jenatschgaragen.ch\\\/sommerhalder\\\/#\\\/schema\\\/logo\\\/image\\\/\",\"url\":\"https:\\\/\\\/jenatschgaragen.ch\\\/sommerhalder\\\/wp-content\\\/uploads\\\/sites\\\/2\\\/2026\\\/01\\\/logo-JG-Somerhalder.png\",\"contentUrl\":\"https:\\\/\\\/jenatschgaragen.ch\\\/sommerhalder\\\/wp-content\\\/uploads\\\/sites\\\/2\\\/2026\\\/01\\\/logo-JG-Somerhalder.png\",\"width\":560,\"height\":50,\"caption\":\"Garage Sommerhalder\"},\"image\":{\"@id\":\"https:\\\/\\\/jenatschgaragen.ch\\\/sommerhalder\\\/#\\\/schema\\\/logo\\\/image\\\/\"}},{\"@type\":\"Person\",\"@id\":\"https:\\\/\\\/jenatschgaragen.ch\\\/sommerhalder\\\/#\\\/schema\\\/person\\\/3f0c42293c20f734b526373b913a0042\",\"name\":\"Esclama Lab\",\"image\":{\"@type\":\"ImageObject\",\"inLanguage\":\"de-CH\",\"@id\":\"https:\\\/\\\/secure.gravatar.com\\\/avatar\\\/ef82f862c47e468a3c2d3f3dfeedb4f223ade5dc11a5d398ef6ff186e3ba6be2?s=96&d=mm&r=g\",\"url\":\"https:\\\/\\\/secure.gravatar.com\\\/avatar\\\/ef82f862c47e468a3c2d3f3dfeedb4f223ade5dc11a5d398ef6ff186e3ba6be2?s=96&d=mm&r=g\",\"contentUrl\":\"https:\\\/\\\/secure.gravatar.com\\\/avatar\\\/ef82f862c47e468a3c2d3f3dfeedb4f223ade5dc11a5d398ef6ff186e3ba6be2?s=96&d=mm&r=g\",\"caption\":\"Esclama Lab\"},\"sameAs\":[\"https:\\\/\\\/jenatschgaragen.ch\"],\"url\":\"https:\\\/\\\/jenatschgaragen.ch\\\/sommerhalder\\\/blog\\\/author\\\/esclama-lab\\\/\"}]}<\/script>\n<!-- \/ Yoast SEO plugin. -->","yoast_head_json":{"title":"Der neue T-Roc \u2013 Jetzt auch mit Allrad ab CHF 43'900.\u2013 - Garage Sommerhalder","description":"Der neue T-Roc rockt \u2013 jetzt auch mit Allrad! Bei uns in Z\u00fcrich bei der Garage Sommerhalder jetzt erh\u00e4ltlich.","robots":{"index":"index","follow":"follow","max-snippet":"max-snippet:-1","max-image-preview":"max-image-preview:large","max-video-preview":"max-video-preview:-1"},"canonical":"https:\/\/jenatschgaragen.ch\/sommerhalder\/blog\/2026\/08\/30\/der-neue-t-roc\/","og_locale":"de_DE","og_type":"article","og_title":"Der neue T-Roc \u2013 Jetzt auch mit Allrad ab CHF 43'900.\u2013 - Garage Sommerhalder","og_description":"Der neue T-Roc rockt \u2013 jetzt auch mit Allrad! Bei uns in Z\u00fcrich bei der Garage Sommerhalder jetzt erh\u00e4ltlich.","og_url":"https:\/\/jenatschgaragen.ch\/sommerhalder\/blog\/2026\/08\/30\/der-neue-t-roc\/","og_site_name":"Garage Sommerhalder","article_published_time":"2026-08-30T14:48:17+00:00","article_modified_time":"2026-09-03T14:52:50+00:00","og_image":[{"width":1600,"height":716,"url":"https:\/\/jenatschgaragen.ch\/sommerhalder\/wp-content\/uploads\/sites\/2\/2026\/01\/sommerhalder-slide-02.jpg","type":"image\/jpeg"}],"author":"Esclama Lab","twitter_card":"summary_large_image","twitter_misc":{"Geschrieben von":"Esclama Lab","Gesch\u00e4tzte Lesezeit":"4\u00a0Minuten"},"schema":{"@context":"https:\/\/schema.org","@graph":[{"@type":"Article","@id":"https:\/\/jenatschgaragen.ch\/sommerhalder\/blog\/2026\/08\/30\/der-neue-t-roc\/#article","isPartOf":{"@id":"https:\/\/jenatschgaragen.ch\/sommerhalder\/blog\/2026\/08\/30\/der-neue-t-roc\/"},"author":{"name":"Esclama Lab","@id":"https:\/\/jenatschgaragen.ch\/sommerhalder\/#\/schema\/person\/3f0c42293c20f734b526373b913a0042"},"headline":"Der neue T-Roc \u2013 Jetzt auch mit Allrad ab CHF 43&#8217;900.\u2013","datePublished":"2026-08-30T14:48:17+00:00","dateModified":"2026-09-03T14:52:50+00:00","mainEntityOfPage":{"@id":"https:\/\/jenatschgaragen.ch\/sommerhalder\/blog\/2026\/08\/30\/der-neue-t-roc\/"},"wordCount":219,"publisher":{"@id":"https:\/\/jenatschgaragen.ch\/sommerhalder\/#organization"},"image":{"@id":"https:\/\/jenatschgaragen.ch\/sommerhalder\/blog\/2026\/08\/30\/der-neue-t-roc\/#primaryimage"},"thumbnailUrl":"https:\/\/jenatschgaragen.ch\/sommerhalder\/wp-content\/uploads\/sites\/2\/2026\/01\/sommerhalder-slide-02.jpg","articleSection":["Garage Sommerhalder"],"inLanguage":"de-CH"},{"@type":"WebPage","@id":"https:\/\/jenatschgaragen.ch\/sommerhalder\/blog\/2026\/08\/30\/der-neue-t-roc\/","url":"https:\/\/jenatschgaragen.ch\/sommerhalder\/blog\/2026\/08\/30\/der-neue-t-roc\/","name":"Der neue T-Roc \u2013 Jetzt auch mit Allrad ab CHF 43'900.\u2013 - Garage Sommerhalder","isPartOf":{"@id":"https:\/\/jenatschgaragen.ch\/sommerhalder\/#website"},"primaryImageOfPage":{"@id":"https:\/\/jenatschgaragen.ch\/sommerhalder\/blog\/2026\/08\/30\/der-neue-t-roc\/#primaryimage"},"image":{"@id":"https:\/\/jenatschgaragen.ch\/sommerhalder\/blog\/2026\/08\/30\/der-neue-t-roc\/#primaryimage"},"thumbnailUrl":"https:\/\/jenatschgaragen.ch\/sommerhalder\/wp-content\/uploads\/sites\/2\/2026\/01\/sommerhalder-slide-02.jpg","datePublished":"2026-08-30T14:48:17+00:00","dateModified":"2026-09-03T14:52:50+00:00","description":"Der neue T-Roc rockt \u2013 jetzt auch mit Allrad! Bei uns in Z\u00fcrich bei der Garage Sommerhalder jetzt erh\u00e4ltlich.","breadcrumb":{"@id":"https:\/\/jenatschgaragen.ch\/sommerhalder\/blog\/2026\/08\/30\/der-neue-t-roc\/#breadcrumb"},"inLanguage":"de-CH","potentialAction":[{"@type":"ReadAction","target":["https:\/\/jenatschgaragen.ch\/sommerhalder\/blog\/2026\/08\/30\/der-neue-t-roc\/"]}]},{"@type":"ImageObject","inLanguage":"de-CH","@id":"https:\/\/jenatschgaragen.ch\/sommerhalder\/blog\/2026\/08\/30\/der-neue-t-roc\/#primaryimage","url":"https:\/\/jenatschgaragen.ch\/sommerhalder\/wp-content\/uploads\/sites\/2\/2026\/01\/sommerhalder-slide-02.jpg","contentUrl":"https:\/\/jenatschgaragen.ch\/sommerhalder\/wp-content\/uploads\/sites\/2\/2026\/01\/sommerhalder-slide-02.jpg","width":1600,"height":716},{"@type":"BreadcrumbList","@id":"https:\/\/jenatschgaragen.ch\/sommerhalder\/blog\/2026\/08\/30\/der-neue-t-roc\/#breadcrumb","itemListElement":[{"@type":"ListItem","position":1,"name":"Home","item":"https:\/\/jenatschgaragen.ch\/sommerhalder\/"},{"@type":"ListItem","position":2,"name":"Der neue T-Roc \u2013 Jetzt auch mit Allrad ab CHF 43&#8217;900.\u2013"}]},{"@type":"WebSite","@id":"https:\/\/jenatschgaragen.ch\/sommerhalder\/#website","url":"https:\/\/jenatschgaragen.ch\/sommerhalder\/","name":"Garage Sommerhalder","description":"Ihre Volkswagen-Experten im Herzen von Z\u00fcrich\u2028","publisher":{"@id":"https:\/\/jenatschgaragen.ch\/sommerhalder\/#organization"},"potentialAction":[{"@type":"SearchAction","target":{"@type":"EntryPoint","urlTemplate":"https:\/\/jenatschgaragen.ch\/sommerhalder\/?s={search_term_string}"},"query-input":{"@type":"PropertyValueSpecification","valueRequired":true,"valueName":"search_term_string"}}],"inLanguage":"de-CH"},{"@type":"Organization","@id":"https:\/\/jenatschgaragen.ch\/sommerhalder\/#organization","name":"Garage Sommerhalder","url":"https:\/\/jenatschgaragen.ch\/sommerhalder\/","logo":{"@type":"ImageObject","inLanguage":"de-CH","@id":"https:\/\/jenatschgaragen.ch\/sommerhalder\/#\/schema\/logo\/image\/","url":"https:\/\/jenatschgaragen.ch\/sommerhalder\/wp-content\/uploads\/sites\/2\/2026\/01\/logo-JG-Somerhalder.png","contentUrl":"https:\/\/jenatschgaragen.ch\/sommerhalder\/wp-content\/uploads\/sites\/2\/2026\/01\/logo-JG-Somerhalder.png","width":560,"height":50,"caption":"Garage Sommerhalder"},"image":{"@id":"https:\/\/jenatschgaragen.ch\/sommerhalder\/#\/schema\/logo\/image\/"}},{"@type":"Person","@id":"https:\/\/jenatschgaragen.ch\/sommerhalder\/#\/schema\/person\/3f0c42293c20f734b526373b913a0042","name":"Esclama Lab","image":{"@type":"ImageObject","inLanguage":"de-CH","@id":"https:\/\/secure.gravatar.com\/avatar\/ef82f862c47e468a3c2d3f3dfeedb4f223ade5dc11a5d398ef6ff186e3ba6be2?s=96&d=mm&r=g","url":"https:\/\/secure.gravatar.com\/avatar\/ef82f862c47e468a3c2d3f3dfeedb4f223ade5dc11a5d398ef6ff186e3ba6be2?s=96&d=mm&r=g","contentUrl":"https:\/\/secure.gravatar.com\/avatar\/ef82f862c47e468a3c2d3f3dfeedb4f223ade5dc11a5d398ef6ff186e3ba6be2?s=96&d=mm&r=g","caption":"Esclama Lab"},"sameAs":["https:\/\/jenatschgaragen.ch"],"url":"https:\/\/jenatschgaragen.ch\/sommerhalder\/blog\/author\/esclama-lab\/"}]}},"_links":{"self":[{"href":"https:\/\/jenatschgaragen.ch\/sommerhalder\/wp-json\/wp\/v2\/posts\/752","targetHints":{"allow":["GET"]}}],"collection":[{"href":"https:\/\/jenatschgaragen.ch\/sommerhalder\/wp-json\/wp\/v2\/posts"}],"about":[{"href":"https:\/\/jenatschgaragen.ch\/sommerhalder\/wp-json\/wp\/v2\/types\/post"}],"author":[{"embeddable":true,"href":"https:\/\/jenatschgaragen.ch\/sommerhalder\/wp-json\/wp\/v2\/users\/1"}],"replies":[{"embeddable":true,"href":"https:\/\/jenatschgaragen.ch\/sommerhalder\/wp-json\/wp\/v2\/comments?post=752"}],"version-history":[{"count":16,"href":"https:\/\/jenatschgaragen.ch\/sommerhalder\/wp-json\/wp\/v2\/posts\/752\/revisions"}],"predecessor-version":[{"id":2156,"href":"https:\/\/jenatschgaragen.ch\/sommerhalder\/wp-json\/wp\/v2\/posts\/752\/revisions\/2156"}],"wp:featuredmedia":[{"embeddable":true,"href":"https:\/\/jenatschgaragen.ch\/sommerhalder\/wp-json\/wp\/v2\/media\/1638"}],"wp:attachment":[{"href":"https:\/\/jenatschgaragen.ch\/sommerhalder\/wp-json\/wp\/v2\/media?parent=752"}],"wp:term":[{"taxonomy":"category","embeddable":true,"href":"https:\/\/jenatschgaragen.ch\/sommerhalder\/wp-json\/wp\/v2\/categories?post=752"},{"taxonomy":"post_tag","embeddable":true,"href":"https:\/\/jenatschgaragen.ch\/sommerhalder\/wp-json\/wp\/v2\/tags?post=752"}],"curies":[{"name":"wp","href":"https:\/\/api.w.org\/{rel}","templated":true}]}}