{"id":1661,"date":"2026-02-19T08:46:00","date_gmt":"2026-02-19T07:46:00","guid":{"rendered":"https:\/\/effecto-marketing.ch\/jenatsch\/garage-sommerhalder\/?p=1661"},"modified":"2026-02-19T11:28:49","modified_gmt":"2026-02-19T10:28:49","slug":"der-neue-tayron","status":"publish","type":"post","link":"https:\/\/jenatschgaragen.ch\/sommerhalder\/blog\/2026\/02\/19\/der-neue-tayron\/","title":{"rendered":"Der neue Tayron"},"content":{"rendered":"\t\t<div data-elementor-type=\"wp-post\" data-elementor-id=\"1661\" class=\"elementor elementor-1661\" data-elementor-post-type=\"post\">\n\t\t\t\t<div class=\"elementor-element elementor-element-6f88f8e2 e-flex e-con-boxed e-con e-parent\" data-id=\"6f88f8e2\" data-element_type=\"container\" data-e-type=\"container\">\n\t\t\t\t\t<div class=\"e-con-inner\">\n\t\t\t\t<div class=\"elementor-element elementor-element-8d19aa0 elementor-widget elementor-widget-text-editor\" data-id=\"8d19aa0\" data-element_type=\"widget\" data-e-type=\"widget\" data-widget_type=\"text-editor.default\">\n\t\t\t\t\t\t\t\t\t\n<h3><span class=\"sc-eqUAAy AGlyM\"><b>Mehr Raum f\u00fcr alle(s)<\/b>.<br \/>Entdecken Sie den neuen Tayron<\/span><\/h3>\n<p>Entwickelt und gebaut in Wolfsburg, gemacht f\u00fcr die Welt: Der neue Tayron steht f\u00fcr mehr \u2013 mehr Raum, mehr Ausstattung, mehr Komfort. Sein eigenst\u00e4ndiges Design \u00fcberzeugt mit klaren Linien, einer kraftvollen Silhouette und hochwertigen Details.<br \/>Die markante Front, in Wagenfarbe gehaltene T\u00fcrbeplankungen und optional erh\u00e4ltliche 20-Zoll-Leichtmetallr\u00e4der unterstreichen seinen souver\u00e4nen Auftritt. <b>Lichtleisten<\/b> vorn und hinten, <b>beleuchtete Logos, neu gestaltete R\u00fcckleuchten<\/b> und <b>animierte Blinker<\/b> verleihen dem Tayron eine unverwechselbare Lichtsignatur.<\/p>\n\t\t\t\t\t\t\t\t<\/div>\n\t\t\t\t\t<\/div>\n\t\t\t\t<\/div>\n\t\t<div class=\"elementor-element elementor-element-1f119e2 e-flex e-con-boxed e-con e-parent\" data-id=\"1f119e2\" data-element_type=\"container\" data-e-type=\"container\">\n\t\t\t\t\t<div class=\"e-con-inner\">\n\t\t<div class=\"elementor-element elementor-element-bcd15a8 e-grid e-con-full e-con e-child\" data-id=\"bcd15a8\" data-element_type=\"container\" data-e-type=\"container\">\n\t\t\t\t<div class=\"elementor-element elementor-element-2475098 elementor-widget elementor-widget-image\" data-id=\"2475098\" data-element_type=\"widget\" data-e-type=\"widget\" data-widget_type=\"image.default\">\n\t\t\t\t\t\t\t\t\t\t\t\t\t\t\t<img fetchpriority=\"high\" decoding=\"async\" width=\"800\" height=\"534\" src=\"https:\/\/jenatschgaragen.ch\/sommerhalder\/wp-content\/uploads\/sites\/2\/2026\/02\/Tayron-interne_SSSSSOMMERHALDER_03-1024x683.jpg\" class=\"attachment-large size-large wp-image-1666\" alt=\"\" srcset=\"https:\/\/jenatschgaragen.ch\/sommerhalder\/wp-content\/uploads\/sites\/2\/2026\/02\/Tayron-interne_SSSSSOMMERHALDER_03-1024x683.jpg 1024w, https:\/\/jenatschgaragen.ch\/sommerhalder\/wp-content\/uploads\/sites\/2\/2026\/02\/Tayron-interne_SSSSSOMMERHALDER_03-300x200.jpg 300w, https:\/\/jenatschgaragen.ch\/sommerhalder\/wp-content\/uploads\/sites\/2\/2026\/02\/Tayron-interne_SSSSSOMMERHALDER_03-768x512.jpg 768w, https:\/\/jenatschgaragen.ch\/sommerhalder\/wp-content\/uploads\/sites\/2\/2026\/02\/Tayron-interne_SSSSSOMMERHALDER_03-1536x1024.jpg 1536w, https:\/\/jenatschgaragen.ch\/sommerhalder\/wp-content\/uploads\/sites\/2\/2026\/02\/Tayron-interne_SSSSSOMMERHALDER_03.jpg 1600w\" sizes=\"(max-width: 800px) 100vw, 800px\" \/>\t\t\t\t\t\t\t\t\t\t\t\t\t\t\t<\/div>\n\t\t\t\t<div class=\"elementor-element elementor-element-8f2e739 elementor-widget elementor-widget-image\" data-id=\"8f2e739\" data-element_type=\"widget\" data-e-type=\"widget\" data-widget_type=\"image.default\">\n\t\t\t\t\t\t\t\t\t\t\t\t\t\t\t<img decoding=\"async\" width=\"800\" height=\"534\" src=\"https:\/\/jenatschgaragen.ch\/sommerhalder\/wp-content\/uploads\/sites\/2\/2026\/02\/Tayron-interne_SSSSSOMMERHALDER_02-1024x683.jpg\" class=\"attachment-large size-large wp-image-1665\" alt=\"\" srcset=\"https:\/\/jenatschgaragen.ch\/sommerhalder\/wp-content\/uploads\/sites\/2\/2026\/02\/Tayron-interne_SSSSSOMMERHALDER_02-1024x683.jpg 1024w, https:\/\/jenatschgaragen.ch\/sommerhalder\/wp-content\/uploads\/sites\/2\/2026\/02\/Tayron-interne_SSSSSOMMERHALDER_02-300x200.jpg 300w, https:\/\/jenatschgaragen.ch\/sommerhalder\/wp-content\/uploads\/sites\/2\/2026\/02\/Tayron-interne_SSSSSOMMERHALDER_02-768x512.jpg 768w, https:\/\/jenatschgaragen.ch\/sommerhalder\/wp-content\/uploads\/sites\/2\/2026\/02\/Tayron-interne_SSSSSOMMERHALDER_02-1536x1024.jpg 1536w, https:\/\/jenatschgaragen.ch\/sommerhalder\/wp-content\/uploads\/sites\/2\/2026\/02\/Tayron-interne_SSSSSOMMERHALDER_02.jpg 1600w\" sizes=\"(max-width: 800px) 100vw, 800px\" \/>\t\t\t\t\t\t\t\t\t\t\t\t\t\t\t<\/div>\n\t\t\t\t<div class=\"elementor-element elementor-element-b503cac elementor-widget elementor-widget-image\" data-id=\"b503cac\" data-element_type=\"widget\" data-e-type=\"widget\" data-widget_type=\"image.default\">\n\t\t\t\t\t\t\t\t\t\t\t\t\t\t\t<img decoding=\"async\" width=\"800\" height=\"534\" src=\"https:\/\/jenatschgaragen.ch\/sommerhalder\/wp-content\/uploads\/sites\/2\/2026\/02\/Tayron3-1024x683.jpg\" class=\"attachment-large size-large wp-image-1664\" alt=\"\" srcset=\"https:\/\/jenatschgaragen.ch\/sommerhalder\/wp-content\/uploads\/sites\/2\/2026\/02\/Tayron3-1024x683.jpg 1024w, https:\/\/jenatschgaragen.ch\/sommerhalder\/wp-content\/uploads\/sites\/2\/2026\/02\/Tayron3-300x200.jpg 300w, https:\/\/jenatschgaragen.ch\/sommerhalder\/wp-content\/uploads\/sites\/2\/2026\/02\/Tayron3-768x512.jpg 768w, https:\/\/jenatschgaragen.ch\/sommerhalder\/wp-content\/uploads\/sites\/2\/2026\/02\/Tayron3-1536x1025.jpg 1536w, https:\/\/jenatschgaragen.ch\/sommerhalder\/wp-content\/uploads\/sites\/2\/2026\/02\/Tayron3-2048x1366.jpg 2048w\" sizes=\"(max-width: 800px) 100vw, 800px\" \/>\t\t\t\t\t\t\t\t\t\t\t\t\t\t\t<\/div>\n\t\t\t\t<div class=\"elementor-element elementor-element-72c95fb elementor-widget elementor-widget-image\" data-id=\"72c95fb\" data-element_type=\"widget\" data-e-type=\"widget\" data-widget_type=\"image.default\">\n\t\t\t\t\t\t\t\t\t\t\t\t\t\t\t<img loading=\"lazy\" decoding=\"async\" width=\"800\" height=\"534\" src=\"https:\/\/jenatschgaragen.ch\/sommerhalder\/wp-content\/uploads\/sites\/2\/2026\/02\/Tayron-interne_SSSSSOMMERHALDER_01-1024x683.jpg\" class=\"attachment-large size-large wp-image-1663\" alt=\"\" srcset=\"https:\/\/jenatschgaragen.ch\/sommerhalder\/wp-content\/uploads\/sites\/2\/2026\/02\/Tayron-interne_SSSSSOMMERHALDER_01-1024x683.jpg 1024w, https:\/\/jenatschgaragen.ch\/sommerhalder\/wp-content\/uploads\/sites\/2\/2026\/02\/Tayron-interne_SSSSSOMMERHALDER_01-300x200.jpg 300w, https:\/\/jenatschgaragen.ch\/sommerhalder\/wp-content\/uploads\/sites\/2\/2026\/02\/Tayron-interne_SSSSSOMMERHALDER_01-768x512.jpg 768w, https:\/\/jenatschgaragen.ch\/sommerhalder\/wp-content\/uploads\/sites\/2\/2026\/02\/Tayron-interne_SSSSSOMMERHALDER_01-1536x1024.jpg 1536w, https:\/\/jenatschgaragen.ch\/sommerhalder\/wp-content\/uploads\/sites\/2\/2026\/02\/Tayron-interne_SSSSSOMMERHALDER_01.jpg 1600w\" sizes=\"(max-width: 800px) 100vw, 800px\" \/>\t\t\t\t\t\t\t\t\t\t\t\t\t\t\t<\/div>\n\t\t\t\t<\/div>\n\t\t\t\t\t<\/div>\n\t\t\t\t<\/div>\n\t\t<div class=\"elementor-element elementor-element-8fd17ed e-flex e-con-boxed e-con e-parent\" data-id=\"8fd17ed\" data-element_type=\"container\" data-e-type=\"container\">\n\t\t\t\t\t<div class=\"e-con-inner\">\n\t\t\t\t<div class=\"elementor-element elementor-element-384bc41 elementor-widget elementor-widget-text-editor\" data-id=\"384bc41\" data-element_type=\"widget\" data-e-type=\"widget\" data-widget_type=\"text-editor.default\">\n\t\t\t\t\t\t\t\t\t\n<p class=\"StyledTextComponent-sc-hqqa9q ezRFZe\">Der neue Tayron bietet Ihnen durch seinen langen Radstand einen <b>grossz\u00fcgigen, hochwertigen Innenraum.<\/b> Das optionale <b>Panorama-Ausstell-\/Schiebedach<\/b> sorgt f\u00fcr ein angenehmes Raumgef\u00fchl. Auch die Lichtstimmung im Innenraum l\u00e4sst sich dank der\u00a0<b>Ambientebeleuchtung\u00a0in 10 Farben<\/b> (optional 30 Farben) ganz nach Ihren Vorlieben anpassen. Zentrale Funktionen lassen sich \u00fcber das <b>Multifunktionslenkrad mit integrierten Schalttasten<\/b> und das <b>hochaufl\u00f6sende \u00abDigital Cockpit Pro\u00bb<\/b> intuitiv bedienen.<br \/>Das <b>\u00abDigital Cockpit Pro\u00bb<\/b> zeigt Ihnen auf einem <b>25,91 cm (10,2 Zoll) grossen Display<\/b> mehr als die aktuelle Geschwindigkeit an. Es l\u00e4sst sich frei konfigurieren und Sie entscheiden, welche Informationen Ihnen noch wichtig sind: z. B. die Navigationskarte in Vollansicht, Songtitel u. v. m.<br \/>F\u00fcr zus\u00e4tzlichen Komfort auf l\u00e4ngeren Fahrten sind die optionalen <b>ergoActive-Teilledersitze mit beheiz- und bel\u00fcftbaren Sitzfl\u00e4chen<\/b> ausgestattet. Eine <b>10-Kammern-Druckpunktmassage<\/b> unterst\u00fctzt die gezielte Entlastung der R\u00fcckenmuskulatur.<\/p>\n\t\t\t\t\t\t\t\t<\/div>\n\t\t\t\t\t<\/div>\n\t\t\t\t<\/div>\n\t\t\t\t<\/div>\n\t\t","protected":false},"excerpt":{"rendered":"<p>Mehr Raum f\u00fcr alle(s).Entdecken Sie den neuen Tayron Entwickelt und gebaut in Wolfsburg, gemacht f\u00fcr die Welt: Der neue Tayron steht f\u00fcr mehr \u2013 mehr Raum, mehr Ausstattung, mehr Komfort. Sein eigenst\u00e4ndiges Design \u00fcberzeugt mit klaren Linien, einer kraftvollen Silhouette und hochwertigen Details.Die markante Front, in Wagenfarbe gehaltene T\u00fcrbeplankungen und optional erh\u00e4ltliche 20-Zoll-Leichtmetallr\u00e4der unterstreichen seinen [&hellip;]<\/p>\n","protected":false},"author":1,"featured_media":1665,"comment_status":"closed","ping_status":"open","sticky":false,"template":"","format":"standard","meta":{"footnotes":""},"categories":[10],"tags":[],"class_list":["post-1661","post","type-post","status-publish","format-standard","has-post-thumbnail","hentry","category-garage-sommerhalder"],"yoast_head":"<!-- This site is optimized with the Yoast SEO plugin v27.2 - https:\/\/yoast.com\/product\/yoast-seo-wordpress\/ -->\n<title>Der neue Tayron - Garage Sommerhalder<\/title>\n<meta name=\"robots\" content=\"index, follow, max-snippet:-1, max-image-preview:large, max-video-preview:-1\" \/>\n<link rel=\"canonical\" href=\"https:\/\/jenatschgaragen.ch\/sommerhalder\/blog\/2026\/02\/19\/der-neue-tayron\/\" \/>\n<meta property=\"og:locale\" content=\"de_DE\" \/>\n<meta property=\"og:type\" content=\"article\" \/>\n<meta property=\"og:title\" content=\"Der neue Tayron - Garage Sommerhalder\" \/>\n<meta property=\"og:description\" content=\"Mehr Raum f\u00fcr alle(s).Entdecken Sie den neuen Tayron Entwickelt und gebaut in Wolfsburg, gemacht f\u00fcr die Welt: Der neue Tayron steht f\u00fcr mehr \u2013 mehr Raum, mehr Ausstattung, mehr Komfort. Sein eigenst\u00e4ndiges Design \u00fcberzeugt mit klaren Linien, einer kraftvollen Silhouette und hochwertigen Details.Die markante Front, in Wagenfarbe gehaltene T\u00fcrbeplankungen und optional erh\u00e4ltliche 20-Zoll-Leichtmetallr\u00e4der unterstreichen seinen [&hellip;]\" \/>\n<meta property=\"og:url\" content=\"https:\/\/jenatschgaragen.ch\/sommerhalder\/blog\/2026\/02\/19\/der-neue-tayron\/\" \/>\n<meta property=\"og:site_name\" content=\"Garage Sommerhalder\" \/>\n<meta property=\"article:published_time\" content=\"2026-02-19T07:46:00+00:00\" \/>\n<meta property=\"article:modified_time\" content=\"2026-02-19T10:28:49+00:00\" \/>\n<meta property=\"og:image\" content=\"https:\/\/jenatschgaragen.ch\/sommerhalder\/wp-content\/uploads\/sites\/2\/2026\/02\/Tayron-interne_SSSSSOMMERHALDER_02.jpg\" \/>\n\t<meta property=\"og:image:width\" content=\"1600\" \/>\n\t<meta property=\"og:image:height\" content=\"1067\" \/>\n\t<meta property=\"og:image:type\" content=\"image\/jpeg\" \/>\n<meta name=\"author\" content=\"Esclama Lab\" \/>\n<meta name=\"twitter:card\" content=\"summary_large_image\" \/>\n<meta name=\"twitter:label1\" content=\"Geschrieben von\" \/>\n\t<meta name=\"twitter:data1\" content=\"Esclama Lab\" \/>\n\t<meta name=\"twitter:label2\" content=\"Gesch\u00e4tzte Lesezeit\" \/>\n\t<meta name=\"twitter:data2\" content=\"2\u00a0Minuten\" \/>\n<script type=\"application\/ld+json\" class=\"yoast-schema-graph\">{\"@context\":\"https:\/\/schema.org\",\"@graph\":[{\"@type\":\"Article\",\"@id\":\"https:\/\/jenatschgaragen.ch\/sommerhalder\/blog\/2026\/02\/19\/der-neue-tayron\/#article\",\"isPartOf\":{\"@id\":\"https:\/\/jenatschgaragen.ch\/sommerhalder\/blog\/2026\/02\/19\/der-neue-tayron\/\"},\"author\":{\"name\":\"Esclama Lab\",\"@id\":\"https:\/\/jenatschgaragen.ch\/sommerhalder\/#\/schema\/person\/3f0c42293c20f734b526373b913a0042\"},\"headline\":\"Der neue Tayron\",\"datePublished\":\"2026-02-19T07:46:00+00:00\",\"dateModified\":\"2026-02-19T10:28:49+00:00\",\"mainEntityOfPage\":{\"@id\":\"https:\/\/jenatschgaragen.ch\/sommerhalder\/blog\/2026\/02\/19\/der-neue-tayron\/\"},\"wordCount\":227,\"publisher\":{\"@id\":\"https:\/\/jenatschgaragen.ch\/sommerhalder\/#organization\"},\"image\":{\"@id\":\"https:\/\/jenatschgaragen.ch\/sommerhalder\/blog\/2026\/02\/19\/der-neue-tayron\/#primaryimage\"},\"thumbnailUrl\":\"https:\/\/jenatschgaragen.ch\/sommerhalder\/wp-content\/uploads\/sites\/2\/2026\/02\/Tayron-interne_SSSSSOMMERHALDER_02.jpg\",\"articleSection\":[\"Garage Sommerhalder\"],\"inLanguage\":\"de-CH\"},{\"@type\":\"WebPage\",\"@id\":\"https:\/\/jenatschgaragen.ch\/sommerhalder\/blog\/2026\/02\/19\/der-neue-tayron\/\",\"url\":\"https:\/\/jenatschgaragen.ch\/sommerhalder\/blog\/2026\/02\/19\/der-neue-tayron\/\",\"name\":\"Der neue Tayron - Garage Sommerhalder\",\"isPartOf\":{\"@id\":\"https:\/\/jenatschgaragen.ch\/sommerhalder\/#website\"},\"primaryImageOfPage\":{\"@id\":\"https:\/\/jenatschgaragen.ch\/sommerhalder\/blog\/2026\/02\/19\/der-neue-tayron\/#primaryimage\"},\"image\":{\"@id\":\"https:\/\/jenatschgaragen.ch\/sommerhalder\/blog\/2026\/02\/19\/der-neue-tayron\/#primaryimage\"},\"thumbnailUrl\":\"https:\/\/jenatschgaragen.ch\/sommerhalder\/wp-content\/uploads\/sites\/2\/2026\/02\/Tayron-interne_SSSSSOMMERHALDER_02.jpg\",\"datePublished\":\"2026-02-19T07:46:00+00:00\",\"dateModified\":\"2026-02-19T10:28:49+00:00\",\"breadcrumb\":{\"@id\":\"https:\/\/jenatschgaragen.ch\/sommerhalder\/blog\/2026\/02\/19\/der-neue-tayron\/#breadcrumb\"},\"inLanguage\":\"de-CH\",\"potentialAction\":[{\"@type\":\"ReadAction\",\"target\":[\"https:\/\/jenatschgaragen.ch\/sommerhalder\/blog\/2026\/02\/19\/der-neue-tayron\/\"]}]},{\"@type\":\"ImageObject\",\"inLanguage\":\"de-CH\",\"@id\":\"https:\/\/jenatschgaragen.ch\/sommerhalder\/blog\/2026\/02\/19\/der-neue-tayron\/#primaryimage\",\"url\":\"https:\/\/jenatschgaragen.ch\/sommerhalder\/wp-content\/uploads\/sites\/2\/2026\/02\/Tayron-interne_SSSSSOMMERHALDER_02.jpg\",\"contentUrl\":\"https:\/\/jenatschgaragen.ch\/sommerhalder\/wp-content\/uploads\/sites\/2\/2026\/02\/Tayron-interne_SSSSSOMMERHALDER_02.jpg\",\"width\":1600,\"height\":1067},{\"@type\":\"BreadcrumbList\",\"@id\":\"https:\/\/jenatschgaragen.ch\/sommerhalder\/blog\/2026\/02\/19\/der-neue-tayron\/#breadcrumb\",\"itemListElement\":[{\"@type\":\"ListItem\",\"position\":1,\"name\":\"Home\",\"item\":\"https:\/\/jenatschgaragen.ch\/sommerhalder\/\"},{\"@type\":\"ListItem\",\"position\":2,\"name\":\"Der neue Tayron\"}]},{\"@type\":\"WebSite\",\"@id\":\"https:\/\/jenatschgaragen.ch\/sommerhalder\/#website\",\"url\":\"https:\/\/jenatschgaragen.ch\/sommerhalder\/\",\"name\":\"Garage Sommerhalder\",\"description\":\"Ihre Volkswagen-Experten im Herzen von Z\u00fcrich\\u2028\",\"publisher\":{\"@id\":\"https:\/\/jenatschgaragen.ch\/sommerhalder\/#organization\"},\"potentialAction\":[{\"@type\":\"SearchAction\",\"target\":{\"@type\":\"EntryPoint\",\"urlTemplate\":\"https:\/\/jenatschgaragen.ch\/sommerhalder\/?s={search_term_string}\"},\"query-input\":{\"@type\":\"PropertyValueSpecification\",\"valueRequired\":true,\"valueName\":\"search_term_string\"}}],\"inLanguage\":\"de-CH\"},{\"@type\":\"Organization\",\"@id\":\"https:\/\/jenatschgaragen.ch\/sommerhalder\/#organization\",\"name\":\"Garage Sommerhalder\",\"url\":\"https:\/\/jenatschgaragen.ch\/sommerhalder\/\",\"logo\":{\"@type\":\"ImageObject\",\"inLanguage\":\"de-CH\",\"@id\":\"https:\/\/jenatschgaragen.ch\/sommerhalder\/#\/schema\/logo\/image\/\",\"url\":\"https:\/\/jenatschgaragen.ch\/sommerhalder\/wp-content\/uploads\/sites\/2\/2026\/01\/logo-JG-Somerhalder.png\",\"contentUrl\":\"https:\/\/jenatschgaragen.ch\/sommerhalder\/wp-content\/uploads\/sites\/2\/2026\/01\/logo-JG-Somerhalder.png\",\"width\":560,\"height\":50,\"caption\":\"Garage Sommerhalder\"},\"image\":{\"@id\":\"https:\/\/jenatschgaragen.ch\/sommerhalder\/#\/schema\/logo\/image\/\"}},{\"@type\":\"Person\",\"@id\":\"https:\/\/jenatschgaragen.ch\/sommerhalder\/#\/schema\/person\/3f0c42293c20f734b526373b913a0042\",\"name\":\"Esclama Lab\",\"image\":{\"@type\":\"ImageObject\",\"inLanguage\":\"de-CH\",\"@id\":\"https:\/\/secure.gravatar.com\/avatar\/ef82f862c47e468a3c2d3f3dfeedb4f223ade5dc11a5d398ef6ff186e3ba6be2?s=96&d=mm&r=g\",\"url\":\"https:\/\/secure.gravatar.com\/avatar\/ef82f862c47e468a3c2d3f3dfeedb4f223ade5dc11a5d398ef6ff186e3ba6be2?s=96&d=mm&r=g\",\"contentUrl\":\"https:\/\/secure.gravatar.com\/avatar\/ef82f862c47e468a3c2d3f3dfeedb4f223ade5dc11a5d398ef6ff186e3ba6be2?s=96&d=mm&r=g\",\"caption\":\"Esclama Lab\"},\"sameAs\":[\"https:\/\/jenatschgaragen.ch\"],\"url\":\"https:\/\/jenatschgaragen.ch\/sommerhalder\/blog\/author\/esclama-lab\/\"}]}<\/script>\n<!-- \/ Yoast SEO plugin. -->","yoast_head_json":{"title":"Der neue Tayron - Garage Sommerhalder","robots":{"index":"index","follow":"follow","max-snippet":"max-snippet:-1","max-image-preview":"max-image-preview:large","max-video-preview":"max-video-preview:-1"},"canonical":"https:\/\/jenatschgaragen.ch\/sommerhalder\/blog\/2026\/02\/19\/der-neue-tayron\/","og_locale":"de_DE","og_type":"article","og_title":"Der neue Tayron - Garage Sommerhalder","og_description":"Mehr Raum f\u00fcr alle(s).Entdecken Sie den neuen Tayron Entwickelt und gebaut in Wolfsburg, gemacht f\u00fcr die Welt: Der neue Tayron steht f\u00fcr mehr \u2013 mehr Raum, mehr Ausstattung, mehr Komfort. Sein eigenst\u00e4ndiges Design \u00fcberzeugt mit klaren Linien, einer kraftvollen Silhouette und hochwertigen Details.Die markante Front, in Wagenfarbe gehaltene T\u00fcrbeplankungen und optional erh\u00e4ltliche 20-Zoll-Leichtmetallr\u00e4der unterstreichen seinen [&hellip;]","og_url":"https:\/\/jenatschgaragen.ch\/sommerhalder\/blog\/2026\/02\/19\/der-neue-tayron\/","og_site_name":"Garage Sommerhalder","article_published_time":"2026-02-19T07:46:00+00:00","article_modified_time":"2026-02-19T10:28:49+00:00","og_image":[{"width":1600,"height":1067,"url":"https:\/\/jenatschgaragen.ch\/sommerhalder\/wp-content\/uploads\/sites\/2\/2026\/02\/Tayron-interne_SSSSSOMMERHALDER_02.jpg","type":"image\/jpeg"}],"author":"Esclama Lab","twitter_card":"summary_large_image","twitter_misc":{"Geschrieben von":"Esclama Lab","Gesch\u00e4tzte Lesezeit":"2\u00a0Minuten"},"schema":{"@context":"https:\/\/schema.org","@graph":[{"@type":"Article","@id":"https:\/\/jenatschgaragen.ch\/sommerhalder\/blog\/2026\/02\/19\/der-neue-tayron\/#article","isPartOf":{"@id":"https:\/\/jenatschgaragen.ch\/sommerhalder\/blog\/2026\/02\/19\/der-neue-tayron\/"},"author":{"name":"Esclama Lab","@id":"https:\/\/jenatschgaragen.ch\/sommerhalder\/#\/schema\/person\/3f0c42293c20f734b526373b913a0042"},"headline":"Der neue Tayron","datePublished":"2026-02-19T07:46:00+00:00","dateModified":"2026-02-19T10:28:49+00:00","mainEntityOfPage":{"@id":"https:\/\/jenatschgaragen.ch\/sommerhalder\/blog\/2026\/02\/19\/der-neue-tayron\/"},"wordCount":227,"publisher":{"@id":"https:\/\/jenatschgaragen.ch\/sommerhalder\/#organization"},"image":{"@id":"https:\/\/jenatschgaragen.ch\/sommerhalder\/blog\/2026\/02\/19\/der-neue-tayron\/#primaryimage"},"thumbnailUrl":"https:\/\/jenatschgaragen.ch\/sommerhalder\/wp-content\/uploads\/sites\/2\/2026\/02\/Tayron-interne_SSSSSOMMERHALDER_02.jpg","articleSection":["Garage Sommerhalder"],"inLanguage":"de-CH"},{"@type":"WebPage","@id":"https:\/\/jenatschgaragen.ch\/sommerhalder\/blog\/2026\/02\/19\/der-neue-tayron\/","url":"https:\/\/jenatschgaragen.ch\/sommerhalder\/blog\/2026\/02\/19\/der-neue-tayron\/","name":"Der neue Tayron - Garage Sommerhalder","isPartOf":{"@id":"https:\/\/jenatschgaragen.ch\/sommerhalder\/#website"},"primaryImageOfPage":{"@id":"https:\/\/jenatschgaragen.ch\/sommerhalder\/blog\/2026\/02\/19\/der-neue-tayron\/#primaryimage"},"image":{"@id":"https:\/\/jenatschgaragen.ch\/sommerhalder\/blog\/2026\/02\/19\/der-neue-tayron\/#primaryimage"},"thumbnailUrl":"https:\/\/jenatschgaragen.ch\/sommerhalder\/wp-content\/uploads\/sites\/2\/2026\/02\/Tayron-interne_SSSSSOMMERHALDER_02.jpg","datePublished":"2026-02-19T07:46:00+00:00","dateModified":"2026-02-19T10:28:49+00:00","breadcrumb":{"@id":"https:\/\/jenatschgaragen.ch\/sommerhalder\/blog\/2026\/02\/19\/der-neue-tayron\/#breadcrumb"},"inLanguage":"de-CH","potentialAction":[{"@type":"ReadAction","target":["https:\/\/jenatschgaragen.ch\/sommerhalder\/blog\/2026\/02\/19\/der-neue-tayron\/"]}]},{"@type":"ImageObject","inLanguage":"de-CH","@id":"https:\/\/jenatschgaragen.ch\/sommerhalder\/blog\/2026\/02\/19\/der-neue-tayron\/#primaryimage","url":"https:\/\/jenatschgaragen.ch\/sommerhalder\/wp-content\/uploads\/sites\/2\/2026\/02\/Tayron-interne_SSSSSOMMERHALDER_02.jpg","contentUrl":"https:\/\/jenatschgaragen.ch\/sommerhalder\/wp-content\/uploads\/sites\/2\/2026\/02\/Tayron-interne_SSSSSOMMERHALDER_02.jpg","width":1600,"height":1067},{"@type":"BreadcrumbList","@id":"https:\/\/jenatschgaragen.ch\/sommerhalder\/blog\/2026\/02\/19\/der-neue-tayron\/#breadcrumb","itemListElement":[{"@type":"ListItem","position":1,"name":"Home","item":"https:\/\/jenatschgaragen.ch\/sommerhalder\/"},{"@type":"ListItem","position":2,"name":"Der neue Tayron"}]},{"@type":"WebSite","@id":"https:\/\/jenatschgaragen.ch\/sommerhalder\/#website","url":"https:\/\/jenatschgaragen.ch\/sommerhalder\/","name":"Garage Sommerhalder","description":"Ihre Volkswagen-Experten im Herzen von Z\u00fcrich\u2028","publisher":{"@id":"https:\/\/jenatschgaragen.ch\/sommerhalder\/#organization"},"potentialAction":[{"@type":"SearchAction","target":{"@type":"EntryPoint","urlTemplate":"https:\/\/jenatschgaragen.ch\/sommerhalder\/?s={search_term_string}"},"query-input":{"@type":"PropertyValueSpecification","valueRequired":true,"valueName":"search_term_string"}}],"inLanguage":"de-CH"},{"@type":"Organization","@id":"https:\/\/jenatschgaragen.ch\/sommerhalder\/#organization","name":"Garage Sommerhalder","url":"https:\/\/jenatschgaragen.ch\/sommerhalder\/","logo":{"@type":"ImageObject","inLanguage":"de-CH","@id":"https:\/\/jenatschgaragen.ch\/sommerhalder\/#\/schema\/logo\/image\/","url":"https:\/\/jenatschgaragen.ch\/sommerhalder\/wp-content\/uploads\/sites\/2\/2026\/01\/logo-JG-Somerhalder.png","contentUrl":"https:\/\/jenatschgaragen.ch\/sommerhalder\/wp-content\/uploads\/sites\/2\/2026\/01\/logo-JG-Somerhalder.png","width":560,"height":50,"caption":"Garage Sommerhalder"},"image":{"@id":"https:\/\/jenatschgaragen.ch\/sommerhalder\/#\/schema\/logo\/image\/"}},{"@type":"Person","@id":"https:\/\/jenatschgaragen.ch\/sommerhalder\/#\/schema\/person\/3f0c42293c20f734b526373b913a0042","name":"Esclama Lab","image":{"@type":"ImageObject","inLanguage":"de-CH","@id":"https:\/\/secure.gravatar.com\/avatar\/ef82f862c47e468a3c2d3f3dfeedb4f223ade5dc11a5d398ef6ff186e3ba6be2?s=96&d=mm&r=g","url":"https:\/\/secure.gravatar.com\/avatar\/ef82f862c47e468a3c2d3f3dfeedb4f223ade5dc11a5d398ef6ff186e3ba6be2?s=96&d=mm&r=g","contentUrl":"https:\/\/secure.gravatar.com\/avatar\/ef82f862c47e468a3c2d3f3dfeedb4f223ade5dc11a5d398ef6ff186e3ba6be2?s=96&d=mm&r=g","caption":"Esclama Lab"},"sameAs":["https:\/\/jenatschgaragen.ch"],"url":"https:\/\/jenatschgaragen.ch\/sommerhalder\/blog\/author\/esclama-lab\/"}]}},"_links":{"self":[{"href":"https:\/\/jenatschgaragen.ch\/sommerhalder\/wp-json\/wp\/v2\/posts\/1661","targetHints":{"allow":["GET"]}}],"collection":[{"href":"https:\/\/jenatschgaragen.ch\/sommerhalder\/wp-json\/wp\/v2\/posts"}],"about":[{"href":"https:\/\/jenatschgaragen.ch\/sommerhalder\/wp-json\/wp\/v2\/types\/post"}],"author":[{"embeddable":true,"href":"https:\/\/jenatschgaragen.ch\/sommerhalder\/wp-json\/wp\/v2\/users\/1"}],"replies":[{"embeddable":true,"href":"https:\/\/jenatschgaragen.ch\/sommerhalder\/wp-json\/wp\/v2\/comments?post=1661"}],"version-history":[{"count":7,"href":"https:\/\/jenatschgaragen.ch\/sommerhalder\/wp-json\/wp\/v2\/posts\/1661\/revisions"}],"predecessor-version":[{"id":1679,"href":"https:\/\/jenatschgaragen.ch\/sommerhalder\/wp-json\/wp\/v2\/posts\/1661\/revisions\/1679"}],"wp:featuredmedia":[{"embeddable":true,"href":"https:\/\/jenatschgaragen.ch\/sommerhalder\/wp-json\/wp\/v2\/media\/1665"}],"wp:attachment":[{"href":"https:\/\/jenatschgaragen.ch\/sommerhalder\/wp-json\/wp\/v2\/media?parent=1661"}],"wp:term":[{"taxonomy":"category","embeddable":true,"href":"https:\/\/jenatschgaragen.ch\/sommerhalder\/wp-json\/wp\/v2\/categories?post=1661"},{"taxonomy":"post_tag","embeddable":true,"href":"https:\/\/jenatschgaragen.ch\/sommerhalder\/wp-json\/wp\/v2\/tags?post=1661"}],"curies":[{"name":"wp","href":"https:\/\/api.w.org\/{rel}","templated":true}]}}