{"id":1651,"date":"2026-02-19T08:25:00","date_gmt":"2026-02-19T07:25:00","guid":{"rendered":"https:\/\/effecto-marketing.ch\/jenatsch\/garage-sommerhalder\/?p=1651"},"modified":"2026-02-19T10:27:53","modified_gmt":"2026-02-19T09:27:53","slug":"der-neue-id-polo","status":"publish","type":"post","link":"https:\/\/jenatschgaragen.ch\/sommerhalder\/blog\/2026\/02\/19\/der-neue-id-polo\/","title":{"rendered":"Der neue ID.Polo"},"content":{"rendered":"\t\t<div data-elementor-type=\"wp-post\" data-elementor-id=\"1651\" class=\"elementor elementor-1651\" data-elementor-post-type=\"post\">\n\t\t\t\t<div class=\"elementor-element elementor-element-6f88f8e2 e-flex e-con-boxed e-con e-parent\" data-id=\"6f88f8e2\" data-element_type=\"container\" data-e-type=\"container\">\n\t\t\t\t\t<div class=\"e-con-inner\">\n\t\t\t\t<div class=\"elementor-element elementor-element-8d19aa0 elementor-widget elementor-widget-text-editor\" data-id=\"8d19aa0\" data-element_type=\"widget\" data-e-type=\"widget\" data-widget_type=\"text-editor.default\">\n\t\t\t\t\t\t\t\t\t\n<p class=\"StyledTextComponent-sc-hqqa9q ezRFZe\"><span class=\"sc-eqUAAy AGlyM\"><b>Bald in Serie!<br \/><\/b><\/span><\/p>\n<p><b>Ein Bestseller wird elektrisch.<\/b> <span class=\"TextWithNonBreakingSafewords__StyledSafeWord-sc-a153e0f-0 cTSiyk\">Volkswagen<\/span> hat den mehr als 20 Millionen Mal verkauften Polo neu erfunden: 50 Jahre nach dem Deb\u00fct der ersten Generation ist mit dem ID. Polo\u2060 die erste elektrische Version des Bestsellers startklar. Mit innovativer Technik und der neuen Designsprache \u00abPure Positive\u00bb er\u00f6ffnet der ID. Polo einen neuen Zugang zur Elektromobilit\u00e4t. Und bleibt dabei ganz der Polo, den Millionen Menschen seit Generationen sch\u00e4tzen.<\/p>\n<p><b>Neuer Frontantrieb <\/b>\u2013 Antriebssystem des ID. Polo auf Basis des neuen MEB+ \u00fcberzeugt mit deutlichen Gewichts-, Raum- und Verbrauchsvorteilen<br \/><br \/><b>Kompakter Raumriese<\/b> \u2013 dank des Frontantriebskonzepts bietet der neue ID. Polo reichlich Platz f\u00fcr f\u00fcnf Personen mit bis zu 435 Litern Gep\u00e4ck.<\/p>\n<p class=\"StyledTextComponent-sc-hqqa9q ezRFZe\"><span class=\"sc-eqUAAy AGlyM\">\u00a0<\/span><\/p>\n\t\t\t\t\t\t\t\t<\/div>\n\t\t\t\t\t<\/div>\n\t\t\t\t<\/div>\n\t\t<div class=\"elementor-element elementor-element-1f119e2 e-flex e-con-boxed e-con e-parent\" data-id=\"1f119e2\" data-element_type=\"container\" data-e-type=\"container\">\n\t\t\t\t\t<div class=\"e-con-inner\">\n\t\t<div class=\"elementor-element elementor-element-bcd15a8 e-grid e-con-full e-con e-child\" data-id=\"bcd15a8\" data-element_type=\"container\" data-e-type=\"container\">\n\t\t\t\t<div class=\"elementor-element elementor-element-2475098 elementor-widget elementor-widget-image\" data-id=\"2475098\" data-element_type=\"widget\" data-e-type=\"widget\" data-widget_type=\"image.default\">\n\t\t\t\t\t\t\t\t\t\t\t\t\t\t\t<img fetchpriority=\"high\" decoding=\"async\" width=\"800\" height=\"450\" src=\"https:\/\/jenatschgaragen.ch\/sommerhalder\/wp-content\/uploads\/sites\/2\/2026\/02\/IDPolo2-1024x576.png\" class=\"attachment-large size-large wp-image-1656\" alt=\"\" srcset=\"https:\/\/jenatschgaragen.ch\/sommerhalder\/wp-content\/uploads\/sites\/2\/2026\/02\/IDPolo2-1024x576.png 1024w, https:\/\/jenatschgaragen.ch\/sommerhalder\/wp-content\/uploads\/sites\/2\/2026\/02\/IDPolo2-300x169.png 300w, https:\/\/jenatschgaragen.ch\/sommerhalder\/wp-content\/uploads\/sites\/2\/2026\/02\/IDPolo2-768x432.png 768w, https:\/\/jenatschgaragen.ch\/sommerhalder\/wp-content\/uploads\/sites\/2\/2026\/02\/IDPolo2-1536x864.png 1536w, https:\/\/jenatschgaragen.ch\/sommerhalder\/wp-content\/uploads\/sites\/2\/2026\/02\/IDPolo2.png 1920w\" sizes=\"(max-width: 800px) 100vw, 800px\" \/>\t\t\t\t\t\t\t\t\t\t\t\t\t\t\t<\/div>\n\t\t\t\t<div class=\"elementor-element elementor-element-8f2e739 elementor-widget elementor-widget-image\" data-id=\"8f2e739\" data-element_type=\"widget\" data-e-type=\"widget\" data-widget_type=\"image.default\">\n\t\t\t\t\t\t\t\t\t\t\t\t\t\t\t<img decoding=\"async\" width=\"800\" height=\"534\" src=\"https:\/\/jenatschgaragen.ch\/sommerhalder\/wp-content\/uploads\/sites\/2\/2026\/02\/IDPOLO_interne_SSSSSOMMERHALDER_03-1024x683.jpg\" class=\"attachment-large size-large wp-image-1655\" alt=\"\" srcset=\"https:\/\/jenatschgaragen.ch\/sommerhalder\/wp-content\/uploads\/sites\/2\/2026\/02\/IDPOLO_interne_SSSSSOMMERHALDER_03-1024x683.jpg 1024w, https:\/\/jenatschgaragen.ch\/sommerhalder\/wp-content\/uploads\/sites\/2\/2026\/02\/IDPOLO_interne_SSSSSOMMERHALDER_03-300x200.jpg 300w, https:\/\/jenatschgaragen.ch\/sommerhalder\/wp-content\/uploads\/sites\/2\/2026\/02\/IDPOLO_interne_SSSSSOMMERHALDER_03-768x512.jpg 768w, https:\/\/jenatschgaragen.ch\/sommerhalder\/wp-content\/uploads\/sites\/2\/2026\/02\/IDPOLO_interne_SSSSSOMMERHALDER_03-1536x1024.jpg 1536w, https:\/\/jenatschgaragen.ch\/sommerhalder\/wp-content\/uploads\/sites\/2\/2026\/02\/IDPOLO_interne_SSSSSOMMERHALDER_03.jpg 1600w\" sizes=\"(max-width: 800px) 100vw, 800px\" \/>\t\t\t\t\t\t\t\t\t\t\t\t\t\t\t<\/div>\n\t\t\t\t<div class=\"elementor-element elementor-element-b503cac elementor-widget elementor-widget-image\" data-id=\"b503cac\" data-element_type=\"widget\" data-e-type=\"widget\" data-widget_type=\"image.default\">\n\t\t\t\t\t\t\t\t\t\t\t\t\t\t\t<img decoding=\"async\" width=\"800\" height=\"534\" src=\"https:\/\/jenatschgaragen.ch\/sommerhalder\/wp-content\/uploads\/sites\/2\/2026\/02\/IDPOLO_interne_SSSSSOMMERHALDER_02-1024x683.jpg\" class=\"attachment-large size-large wp-image-1657\" alt=\"\" srcset=\"https:\/\/jenatschgaragen.ch\/sommerhalder\/wp-content\/uploads\/sites\/2\/2026\/02\/IDPOLO_interne_SSSSSOMMERHALDER_02-1024x683.jpg 1024w, https:\/\/jenatschgaragen.ch\/sommerhalder\/wp-content\/uploads\/sites\/2\/2026\/02\/IDPOLO_interne_SSSSSOMMERHALDER_02-300x200.jpg 300w, https:\/\/jenatschgaragen.ch\/sommerhalder\/wp-content\/uploads\/sites\/2\/2026\/02\/IDPOLO_interne_SSSSSOMMERHALDER_02-768x512.jpg 768w, https:\/\/jenatschgaragen.ch\/sommerhalder\/wp-content\/uploads\/sites\/2\/2026\/02\/IDPOLO_interne_SSSSSOMMERHALDER_02-1536x1024.jpg 1536w, https:\/\/jenatschgaragen.ch\/sommerhalder\/wp-content\/uploads\/sites\/2\/2026\/02\/IDPOLO_interne_SSSSSOMMERHALDER_02.jpg 1600w\" sizes=\"(max-width: 800px) 100vw, 800px\" \/>\t\t\t\t\t\t\t\t\t\t\t\t\t\t\t<\/div>\n\t\t\t\t<div class=\"elementor-element elementor-element-72c95fb elementor-widget elementor-widget-image\" data-id=\"72c95fb\" data-element_type=\"widget\" data-e-type=\"widget\" data-widget_type=\"image.default\">\n\t\t\t\t\t\t\t\t\t\t\t\t\t\t\t<img decoding=\"async\" width=\"800\" height=\"534\" src=\"https:\/\/jenatschgaragen.ch\/sommerhalder\/wp-content\/uploads\/sites\/2\/2026\/02\/IDPOLO_interne_SSSSSOMMERHALDER_03-1024x683.jpg\" class=\"attachment-large size-large wp-image-1655\" alt=\"\" srcset=\"https:\/\/jenatschgaragen.ch\/sommerhalder\/wp-content\/uploads\/sites\/2\/2026\/02\/IDPOLO_interne_SSSSSOMMERHALDER_03-1024x683.jpg 1024w, https:\/\/jenatschgaragen.ch\/sommerhalder\/wp-content\/uploads\/sites\/2\/2026\/02\/IDPOLO_interne_SSSSSOMMERHALDER_03-300x200.jpg 300w, https:\/\/jenatschgaragen.ch\/sommerhalder\/wp-content\/uploads\/sites\/2\/2026\/02\/IDPOLO_interne_SSSSSOMMERHALDER_03-768x512.jpg 768w, https:\/\/jenatschgaragen.ch\/sommerhalder\/wp-content\/uploads\/sites\/2\/2026\/02\/IDPOLO_interne_SSSSSOMMERHALDER_03-1536x1024.jpg 1536w, https:\/\/jenatschgaragen.ch\/sommerhalder\/wp-content\/uploads\/sites\/2\/2026\/02\/IDPOLO_interne_SSSSSOMMERHALDER_03.jpg 1600w\" sizes=\"(max-width: 800px) 100vw, 800px\" \/>\t\t\t\t\t\t\t\t\t\t\t\t\t\t\t<\/div>\n\t\t\t\t<\/div>\n\t\t\t\t\t<\/div>\n\t\t\t\t<\/div>\n\t\t<div class=\"elementor-element elementor-element-8fd17ed e-flex e-con-boxed e-con e-parent\" data-id=\"8fd17ed\" data-element_type=\"container\" data-e-type=\"container\">\n\t\t\t\t\t<div class=\"e-con-inner\">\n\t\t\t\t<div class=\"elementor-element elementor-element-384bc41 elementor-widget elementor-widget-text-editor\" data-id=\"384bc41\" data-element_type=\"widget\" data-e-type=\"widget\" data-widget_type=\"text-editor.default\">\n\t\t\t\t\t\t\t\t\t\n<p class=\"StyledTextComponent-sc-hqqa9q ezRFZe\">Der neue ID. Polo transferiert die <span class=\"TextWithNonBreakingSafewords__StyledSafeWord-sc-a153e0f-0 cTSiyk\">Volkswagen<\/span>-DNA in die Zukunft \u2013 klar, kraftvoll und voller Innovationen.<\/p>\n\t\t\t\t\t\t\t\t<\/div>\n\t\t\t\t\t<\/div>\n\t\t\t\t<\/div>\n\t\t\t\t<\/div>\n\t\t","protected":false},"excerpt":{"rendered":"<p>Bald in Serie! Ein Bestseller wird elektrisch. Volkswagen hat den mehr als 20 Millionen Mal verkauften Polo neu erfunden: 50 Jahre nach dem Deb\u00fct der ersten Generation ist mit dem ID. Polo\u2060 die erste elektrische Version des Bestsellers startklar. Mit innovativer Technik und der neuen Designsprache \u00abPure Positive\u00bb er\u00f6ffnet der ID. Polo einen neuen Zugang [&hellip;]<\/p>\n","protected":false},"author":1,"featured_media":1652,"comment_status":"closed","ping_status":"open","sticky":false,"template":"","format":"standard","meta":{"footnotes":""},"categories":[10],"tags":[],"class_list":["post-1651","post","type-post","status-publish","format-standard","has-post-thumbnail","hentry","category-garage-sommerhalder"],"yoast_head":"<!-- This site is optimized with the Yoast SEO plugin v27.2 - https:\/\/yoast.com\/product\/yoast-seo-wordpress\/ -->\n<title>Der neue ID.Polo - Garage Sommerhalder<\/title>\n<meta name=\"robots\" content=\"index, follow, max-snippet:-1, max-image-preview:large, max-video-preview:-1\" \/>\n<link rel=\"canonical\" href=\"https:\/\/jenatschgaragen.ch\/sommerhalder\/blog\/2026\/02\/19\/der-neue-id-polo\/\" \/>\n<meta property=\"og:locale\" content=\"de_DE\" \/>\n<meta property=\"og:type\" content=\"article\" \/>\n<meta property=\"og:title\" content=\"Der neue ID.Polo - Garage Sommerhalder\" \/>\n<meta property=\"og:description\" content=\"Bald in Serie! Ein Bestseller wird elektrisch. Volkswagen hat den mehr als 20 Millionen Mal verkauften Polo neu erfunden: 50 Jahre nach dem Deb\u00fct der ersten Generation ist mit dem ID. Polo\u2060 die erste elektrische Version des Bestsellers startklar. Mit innovativer Technik und der neuen Designsprache \u00abPure Positive\u00bb er\u00f6ffnet der ID. Polo einen neuen Zugang [&hellip;]\" \/>\n<meta property=\"og:url\" content=\"https:\/\/jenatschgaragen.ch\/sommerhalder\/blog\/2026\/02\/19\/der-neue-id-polo\/\" \/>\n<meta property=\"og:site_name\" content=\"Garage Sommerhalder\" \/>\n<meta property=\"article:published_time\" content=\"2026-02-19T07:25:00+00:00\" \/>\n<meta property=\"article:modified_time\" content=\"2026-02-19T09:27:53+00:00\" \/>\n<meta property=\"og:image\" content=\"https:\/\/jenatschgaragen.ch\/sommerhalder\/wp-content\/uploads\/sites\/2\/2026\/02\/immagini_SSSSSOMMERHALDER_01.jpg\" \/>\n\t<meta property=\"og:image:width\" content=\"1600\" \/>\n\t<meta property=\"og:image:height\" content=\"900\" \/>\n\t<meta property=\"og:image:type\" content=\"image\/jpeg\" \/>\n<meta name=\"author\" content=\"Esclama Lab\" \/>\n<meta name=\"twitter:card\" content=\"summary_large_image\" \/>\n<meta name=\"twitter:label1\" content=\"Geschrieben von\" \/>\n\t<meta name=\"twitter:data1\" content=\"Esclama Lab\" \/>\n\t<meta name=\"twitter:label2\" content=\"Gesch\u00e4tzte Lesezeit\" \/>\n\t<meta name=\"twitter:data2\" content=\"2\u00a0Minuten\" \/>\n<script type=\"application\/ld+json\" class=\"yoast-schema-graph\">{\"@context\":\"https:\/\/schema.org\",\"@graph\":[{\"@type\":\"Article\",\"@id\":\"https:\/\/jenatschgaragen.ch\/sommerhalder\/blog\/2026\/02\/19\/der-neue-id-polo\/#article\",\"isPartOf\":{\"@id\":\"https:\/\/jenatschgaragen.ch\/sommerhalder\/blog\/2026\/02\/19\/der-neue-id-polo\/\"},\"author\":{\"name\":\"Esclama Lab\",\"@id\":\"https:\/\/jenatschgaragen.ch\/sommerhalder\/#\/schema\/person\/3f0c42293c20f734b526373b913a0042\"},\"headline\":\"Der neue ID.Polo\",\"datePublished\":\"2026-02-19T07:25:00+00:00\",\"dateModified\":\"2026-02-19T09:27:53+00:00\",\"mainEntityOfPage\":{\"@id\":\"https:\/\/jenatschgaragen.ch\/sommerhalder\/blog\/2026\/02\/19\/der-neue-id-polo\/\"},\"wordCount\":131,\"publisher\":{\"@id\":\"https:\/\/jenatschgaragen.ch\/sommerhalder\/#organization\"},\"image\":{\"@id\":\"https:\/\/jenatschgaragen.ch\/sommerhalder\/blog\/2026\/02\/19\/der-neue-id-polo\/#primaryimage\"},\"thumbnailUrl\":\"https:\/\/jenatschgaragen.ch\/sommerhalder\/wp-content\/uploads\/sites\/2\/2026\/02\/immagini_SSSSSOMMERHALDER_01.jpg\",\"articleSection\":[\"Garage Sommerhalder\"],\"inLanguage\":\"de-CH\"},{\"@type\":\"WebPage\",\"@id\":\"https:\/\/jenatschgaragen.ch\/sommerhalder\/blog\/2026\/02\/19\/der-neue-id-polo\/\",\"url\":\"https:\/\/jenatschgaragen.ch\/sommerhalder\/blog\/2026\/02\/19\/der-neue-id-polo\/\",\"name\":\"Der neue ID.Polo - Garage Sommerhalder\",\"isPartOf\":{\"@id\":\"https:\/\/jenatschgaragen.ch\/sommerhalder\/#website\"},\"primaryImageOfPage\":{\"@id\":\"https:\/\/jenatschgaragen.ch\/sommerhalder\/blog\/2026\/02\/19\/der-neue-id-polo\/#primaryimage\"},\"image\":{\"@id\":\"https:\/\/jenatschgaragen.ch\/sommerhalder\/blog\/2026\/02\/19\/der-neue-id-polo\/#primaryimage\"},\"thumbnailUrl\":\"https:\/\/jenatschgaragen.ch\/sommerhalder\/wp-content\/uploads\/sites\/2\/2026\/02\/immagini_SSSSSOMMERHALDER_01.jpg\",\"datePublished\":\"2026-02-19T07:25:00+00:00\",\"dateModified\":\"2026-02-19T09:27:53+00:00\",\"breadcrumb\":{\"@id\":\"https:\/\/jenatschgaragen.ch\/sommerhalder\/blog\/2026\/02\/19\/der-neue-id-polo\/#breadcrumb\"},\"inLanguage\":\"de-CH\",\"potentialAction\":[{\"@type\":\"ReadAction\",\"target\":[\"https:\/\/jenatschgaragen.ch\/sommerhalder\/blog\/2026\/02\/19\/der-neue-id-polo\/\"]}]},{\"@type\":\"ImageObject\",\"inLanguage\":\"de-CH\",\"@id\":\"https:\/\/jenatschgaragen.ch\/sommerhalder\/blog\/2026\/02\/19\/der-neue-id-polo\/#primaryimage\",\"url\":\"https:\/\/jenatschgaragen.ch\/sommerhalder\/wp-content\/uploads\/sites\/2\/2026\/02\/immagini_SSSSSOMMERHALDER_01.jpg\",\"contentUrl\":\"https:\/\/jenatschgaragen.ch\/sommerhalder\/wp-content\/uploads\/sites\/2\/2026\/02\/immagini_SSSSSOMMERHALDER_01.jpg\",\"width\":1600,\"height\":716},{\"@type\":\"BreadcrumbList\",\"@id\":\"https:\/\/jenatschgaragen.ch\/sommerhalder\/blog\/2026\/02\/19\/der-neue-id-polo\/#breadcrumb\",\"itemListElement\":[{\"@type\":\"ListItem\",\"position\":1,\"name\":\"Home\",\"item\":\"https:\/\/jenatschgaragen.ch\/sommerhalder\/\"},{\"@type\":\"ListItem\",\"position\":2,\"name\":\"Der neue ID.Polo\"}]},{\"@type\":\"WebSite\",\"@id\":\"https:\/\/jenatschgaragen.ch\/sommerhalder\/#website\",\"url\":\"https:\/\/jenatschgaragen.ch\/sommerhalder\/\",\"name\":\"Garage Sommerhalder\",\"description\":\"Ihre Volkswagen-Experten im Herzen von Z\u00fcrich\\u2028\",\"publisher\":{\"@id\":\"https:\/\/jenatschgaragen.ch\/sommerhalder\/#organization\"},\"potentialAction\":[{\"@type\":\"SearchAction\",\"target\":{\"@type\":\"EntryPoint\",\"urlTemplate\":\"https:\/\/jenatschgaragen.ch\/sommerhalder\/?s={search_term_string}\"},\"query-input\":{\"@type\":\"PropertyValueSpecification\",\"valueRequired\":true,\"valueName\":\"search_term_string\"}}],\"inLanguage\":\"de-CH\"},{\"@type\":\"Organization\",\"@id\":\"https:\/\/jenatschgaragen.ch\/sommerhalder\/#organization\",\"name\":\"Garage Sommerhalder\",\"url\":\"https:\/\/jenatschgaragen.ch\/sommerhalder\/\",\"logo\":{\"@type\":\"ImageObject\",\"inLanguage\":\"de-CH\",\"@id\":\"https:\/\/jenatschgaragen.ch\/sommerhalder\/#\/schema\/logo\/image\/\",\"url\":\"https:\/\/jenatschgaragen.ch\/sommerhalder\/wp-content\/uploads\/sites\/2\/2026\/01\/logo-JG-Somerhalder.png\",\"contentUrl\":\"https:\/\/jenatschgaragen.ch\/sommerhalder\/wp-content\/uploads\/sites\/2\/2026\/01\/logo-JG-Somerhalder.png\",\"width\":560,\"height\":50,\"caption\":\"Garage Sommerhalder\"},\"image\":{\"@id\":\"https:\/\/jenatschgaragen.ch\/sommerhalder\/#\/schema\/logo\/image\/\"}},{\"@type\":\"Person\",\"@id\":\"https:\/\/jenatschgaragen.ch\/sommerhalder\/#\/schema\/person\/3f0c42293c20f734b526373b913a0042\",\"name\":\"Esclama Lab\",\"image\":{\"@type\":\"ImageObject\",\"inLanguage\":\"de-CH\",\"@id\":\"https:\/\/secure.gravatar.com\/avatar\/ef82f862c47e468a3c2d3f3dfeedb4f223ade5dc11a5d398ef6ff186e3ba6be2?s=96&d=mm&r=g\",\"url\":\"https:\/\/secure.gravatar.com\/avatar\/ef82f862c47e468a3c2d3f3dfeedb4f223ade5dc11a5d398ef6ff186e3ba6be2?s=96&d=mm&r=g\",\"contentUrl\":\"https:\/\/secure.gravatar.com\/avatar\/ef82f862c47e468a3c2d3f3dfeedb4f223ade5dc11a5d398ef6ff186e3ba6be2?s=96&d=mm&r=g\",\"caption\":\"Esclama Lab\"},\"sameAs\":[\"https:\/\/jenatschgaragen.ch\"],\"url\":\"https:\/\/jenatschgaragen.ch\/sommerhalder\/blog\/author\/esclama-lab\/\"}]}<\/script>\n<!-- \/ Yoast SEO plugin. -->","yoast_head_json":{"title":"Der neue ID.Polo - Garage Sommerhalder","robots":{"index":"index","follow":"follow","max-snippet":"max-snippet:-1","max-image-preview":"max-image-preview:large","max-video-preview":"max-video-preview:-1"},"canonical":"https:\/\/jenatschgaragen.ch\/sommerhalder\/blog\/2026\/02\/19\/der-neue-id-polo\/","og_locale":"de_DE","og_type":"article","og_title":"Der neue ID.Polo - Garage Sommerhalder","og_description":"Bald in Serie! Ein Bestseller wird elektrisch. Volkswagen hat den mehr als 20 Millionen Mal verkauften Polo neu erfunden: 50 Jahre nach dem Deb\u00fct der ersten Generation ist mit dem ID. Polo\u2060 die erste elektrische Version des Bestsellers startklar. Mit innovativer Technik und der neuen Designsprache \u00abPure Positive\u00bb er\u00f6ffnet der ID. Polo einen neuen Zugang [&hellip;]","og_url":"https:\/\/jenatschgaragen.ch\/sommerhalder\/blog\/2026\/02\/19\/der-neue-id-polo\/","og_site_name":"Garage Sommerhalder","article_published_time":"2026-02-19T07:25:00+00:00","article_modified_time":"2026-02-19T09:27:53+00:00","og_image":[{"width":1600,"height":900,"url":"https:\/\/jenatschgaragen.ch\/sommerhalder\/wp-content\/uploads\/sites\/2\/2026\/02\/immagini_SSSSSOMMERHALDER_01.jpg","type":"image\/jpeg"}],"author":"Esclama Lab","twitter_card":"summary_large_image","twitter_misc":{"Geschrieben von":"Esclama Lab","Gesch\u00e4tzte Lesezeit":"2\u00a0Minuten"},"schema":{"@context":"https:\/\/schema.org","@graph":[{"@type":"Article","@id":"https:\/\/jenatschgaragen.ch\/sommerhalder\/blog\/2026\/02\/19\/der-neue-id-polo\/#article","isPartOf":{"@id":"https:\/\/jenatschgaragen.ch\/sommerhalder\/blog\/2026\/02\/19\/der-neue-id-polo\/"},"author":{"name":"Esclama Lab","@id":"https:\/\/jenatschgaragen.ch\/sommerhalder\/#\/schema\/person\/3f0c42293c20f734b526373b913a0042"},"headline":"Der neue ID.Polo","datePublished":"2026-02-19T07:25:00+00:00","dateModified":"2026-02-19T09:27:53+00:00","mainEntityOfPage":{"@id":"https:\/\/jenatschgaragen.ch\/sommerhalder\/blog\/2026\/02\/19\/der-neue-id-polo\/"},"wordCount":131,"publisher":{"@id":"https:\/\/jenatschgaragen.ch\/sommerhalder\/#organization"},"image":{"@id":"https:\/\/jenatschgaragen.ch\/sommerhalder\/blog\/2026\/02\/19\/der-neue-id-polo\/#primaryimage"},"thumbnailUrl":"https:\/\/jenatschgaragen.ch\/sommerhalder\/wp-content\/uploads\/sites\/2\/2026\/02\/immagini_SSSSSOMMERHALDER_01.jpg","articleSection":["Garage Sommerhalder"],"inLanguage":"de-CH"},{"@type":"WebPage","@id":"https:\/\/jenatschgaragen.ch\/sommerhalder\/blog\/2026\/02\/19\/der-neue-id-polo\/","url":"https:\/\/jenatschgaragen.ch\/sommerhalder\/blog\/2026\/02\/19\/der-neue-id-polo\/","name":"Der neue ID.Polo - Garage Sommerhalder","isPartOf":{"@id":"https:\/\/jenatschgaragen.ch\/sommerhalder\/#website"},"primaryImageOfPage":{"@id":"https:\/\/jenatschgaragen.ch\/sommerhalder\/blog\/2026\/02\/19\/der-neue-id-polo\/#primaryimage"},"image":{"@id":"https:\/\/jenatschgaragen.ch\/sommerhalder\/blog\/2026\/02\/19\/der-neue-id-polo\/#primaryimage"},"thumbnailUrl":"https:\/\/jenatschgaragen.ch\/sommerhalder\/wp-content\/uploads\/sites\/2\/2026\/02\/immagini_SSSSSOMMERHALDER_01.jpg","datePublished":"2026-02-19T07:25:00+00:00","dateModified":"2026-02-19T09:27:53+00:00","breadcrumb":{"@id":"https:\/\/jenatschgaragen.ch\/sommerhalder\/blog\/2026\/02\/19\/der-neue-id-polo\/#breadcrumb"},"inLanguage":"de-CH","potentialAction":[{"@type":"ReadAction","target":["https:\/\/jenatschgaragen.ch\/sommerhalder\/blog\/2026\/02\/19\/der-neue-id-polo\/"]}]},{"@type":"ImageObject","inLanguage":"de-CH","@id":"https:\/\/jenatschgaragen.ch\/sommerhalder\/blog\/2026\/02\/19\/der-neue-id-polo\/#primaryimage","url":"https:\/\/jenatschgaragen.ch\/sommerhalder\/wp-content\/uploads\/sites\/2\/2026\/02\/immagini_SSSSSOMMERHALDER_01.jpg","contentUrl":"https:\/\/jenatschgaragen.ch\/sommerhalder\/wp-content\/uploads\/sites\/2\/2026\/02\/immagini_SSSSSOMMERHALDER_01.jpg","width":1600,"height":716},{"@type":"BreadcrumbList","@id":"https:\/\/jenatschgaragen.ch\/sommerhalder\/blog\/2026\/02\/19\/der-neue-id-polo\/#breadcrumb","itemListElement":[{"@type":"ListItem","position":1,"name":"Home","item":"https:\/\/jenatschgaragen.ch\/sommerhalder\/"},{"@type":"ListItem","position":2,"name":"Der neue ID.Polo"}]},{"@type":"WebSite","@id":"https:\/\/jenatschgaragen.ch\/sommerhalder\/#website","url":"https:\/\/jenatschgaragen.ch\/sommerhalder\/","name":"Garage Sommerhalder","description":"Ihre Volkswagen-Experten im Herzen von Z\u00fcrich\u2028","publisher":{"@id":"https:\/\/jenatschgaragen.ch\/sommerhalder\/#organization"},"potentialAction":[{"@type":"SearchAction","target":{"@type":"EntryPoint","urlTemplate":"https:\/\/jenatschgaragen.ch\/sommerhalder\/?s={search_term_string}"},"query-input":{"@type":"PropertyValueSpecification","valueRequired":true,"valueName":"search_term_string"}}],"inLanguage":"de-CH"},{"@type":"Organization","@id":"https:\/\/jenatschgaragen.ch\/sommerhalder\/#organization","name":"Garage Sommerhalder","url":"https:\/\/jenatschgaragen.ch\/sommerhalder\/","logo":{"@type":"ImageObject","inLanguage":"de-CH","@id":"https:\/\/jenatschgaragen.ch\/sommerhalder\/#\/schema\/logo\/image\/","url":"https:\/\/jenatschgaragen.ch\/sommerhalder\/wp-content\/uploads\/sites\/2\/2026\/01\/logo-JG-Somerhalder.png","contentUrl":"https:\/\/jenatschgaragen.ch\/sommerhalder\/wp-content\/uploads\/sites\/2\/2026\/01\/logo-JG-Somerhalder.png","width":560,"height":50,"caption":"Garage Sommerhalder"},"image":{"@id":"https:\/\/jenatschgaragen.ch\/sommerhalder\/#\/schema\/logo\/image\/"}},{"@type":"Person","@id":"https:\/\/jenatschgaragen.ch\/sommerhalder\/#\/schema\/person\/3f0c42293c20f734b526373b913a0042","name":"Esclama Lab","image":{"@type":"ImageObject","inLanguage":"de-CH","@id":"https:\/\/secure.gravatar.com\/avatar\/ef82f862c47e468a3c2d3f3dfeedb4f223ade5dc11a5d398ef6ff186e3ba6be2?s=96&d=mm&r=g","url":"https:\/\/secure.gravatar.com\/avatar\/ef82f862c47e468a3c2d3f3dfeedb4f223ade5dc11a5d398ef6ff186e3ba6be2?s=96&d=mm&r=g","contentUrl":"https:\/\/secure.gravatar.com\/avatar\/ef82f862c47e468a3c2d3f3dfeedb4f223ade5dc11a5d398ef6ff186e3ba6be2?s=96&d=mm&r=g","caption":"Esclama Lab"},"sameAs":["https:\/\/jenatschgaragen.ch"],"url":"https:\/\/jenatschgaragen.ch\/sommerhalder\/blog\/author\/esclama-lab\/"}]}},"_links":{"self":[{"href":"https:\/\/jenatschgaragen.ch\/sommerhalder\/wp-json\/wp\/v2\/posts\/1651","targetHints":{"allow":["GET"]}}],"collection":[{"href":"https:\/\/jenatschgaragen.ch\/sommerhalder\/wp-json\/wp\/v2\/posts"}],"about":[{"href":"https:\/\/jenatschgaragen.ch\/sommerhalder\/wp-json\/wp\/v2\/types\/post"}],"author":[{"embeddable":true,"href":"https:\/\/jenatschgaragen.ch\/sommerhalder\/wp-json\/wp\/v2\/users\/1"}],"replies":[{"embeddable":true,"href":"https:\/\/jenatschgaragen.ch\/sommerhalder\/wp-json\/wp\/v2\/comments?post=1651"}],"version-history":[{"count":4,"href":"https:\/\/jenatschgaragen.ch\/sommerhalder\/wp-json\/wp\/v2\/posts\/1651\/revisions"}],"predecessor-version":[{"id":1660,"href":"https:\/\/jenatschgaragen.ch\/sommerhalder\/wp-json\/wp\/v2\/posts\/1651\/revisions\/1660"}],"wp:featuredmedia":[{"embeddable":true,"href":"https:\/\/jenatschgaragen.ch\/sommerhalder\/wp-json\/wp\/v2\/media\/1652"}],"wp:attachment":[{"href":"https:\/\/jenatschgaragen.ch\/sommerhalder\/wp-json\/wp\/v2\/media?parent=1651"}],"wp:term":[{"taxonomy":"category","embeddable":true,"href":"https:\/\/jenatschgaragen.ch\/sommerhalder\/wp-json\/wp\/v2\/categories?post=1651"},{"taxonomy":"post_tag","embeddable":true,"href":"https:\/\/jenatschgaragen.ch\/sommerhalder\/wp-json\/wp\/v2\/tags?post=1651"}],"curies":[{"name":"wp","href":"https:\/\/api.w.org\/{rel}","templated":true}]}}