{"id":1417,"date":"2026-02-19T10:28:18","date_gmt":"2026-02-19T09:28:18","guid":{"rendered":"https:\/\/effecto-marketing.ch\/jenatsch\/garage-sommerhalder\/?p=1417"},"modified":"2026-03-17T08:38:43","modified_gmt":"2026-03-17T07:38:43","slug":"volkswagen-festival","status":"publish","type":"post","link":"https:\/\/jenatschgaragen.ch\/sommerhalder\/blog\/2026\/02\/19\/volkswagen-festival\/","title":{"rendered":"Volkswagen Festival"},"content":{"rendered":"\t\t<div data-elementor-type=\"wp-post\" data-elementor-id=\"1417\" class=\"elementor elementor-1417\" data-elementor-post-type=\"post\">\n\t\t\t\t<div class=\"elementor-element elementor-element-4104e9d0 e-flex e-con-boxed e-con e-parent\" data-id=\"4104e9d0\" data-element_type=\"container\" data-e-type=\"container\">\n\t\t\t\t\t<div class=\"e-con-inner\">\n\t\t\t\t<div class=\"elementor-element elementor-element-61b90ce8 elementor-widget elementor-widget-text-editor\" data-id=\"61b90ce8\" data-element_type=\"widget\" data-e-type=\"widget\" data-widget_type=\"text-editor.default\">\n\t\t\t\t\t\t\t\t\t\n<h5><strong>Wir laden Sie herzlich ein zum Volkswagen Festival vom 20. bis 22. M\u00e4rz 2026.<\/strong><\/h5>\n<div class=\"lIZFk\">\n<div class=\"\"><strong>Freuen Sie sich auf spannende Aktionen auf ausgew\u00e4hlte Modelle.<\/strong><\/div>\n<div class=\"\">Besuchen Sie uns <strong>vom 20. bis 22. M\u00e4rz 2026 <\/strong>und profitieren Sie von unseren limitierten Angeboten.<\/div>\n<br \/>\n<p><strong>Grosses Festival-Quiz in unserem Showroom:<br \/><\/strong>1. Preis: Dein Wunschauto im Wert von CHF 40\u2019000.\u2013<br \/>\ud83e\udd48 2. Preis: VIP-Package 24h Rennen N\u00fcrburgring<br \/>\ud83e\udd49 3. Preis: VIP-Tickets zur UEFA Nations League<br \/><br \/><strong>Drehen Sie an unserem Gl\u00fccksrad und gewinnen Sie tolle Pr\u00e4mien!<\/strong><\/p>\n<div>Zus\u00e4tzlich profitieren Sie <strong>von attraktiven Konditionen und starken Leasingraten <\/strong>auf die beliebtesten Modelle von Volkswagen.<\/div>\n<div><br \/><strong>Bereit f\u00fcr die n\u00e4chste Generation von Volkswagen? <\/strong><\/div>\n<div><strong>Der neue ID. Polo und der ID. Cross<\/strong> stehen in den Startl\u00f6chern. Am VW Festival verraten wir Ihnen exklusiv, was diese beiden Highlights so besonders macht \u2013 und warum sie das n\u00e4chste Kapitel der Elektromobilit\u00e4t schreiben.<\/div>\n<div>\u00a0<\/div>\n<div>Wir freuen uns auf Ihren Besuch.<\/div>\n<div><strong>Verpassen Sie dieses Highlight nicht.<\/strong><\/div>\n<p><br \/>Mit herzlichen Gr\u00fcssen<br data-end=\"806\" data-start=\"803\" \/>Ihr Sommerhalder-Team<\/p>\n<\/div>\n\t\t\t\t\t\t\t\t<\/div>\n\t\t\t\t\t<\/div>\n\t\t\t\t<\/div>\n\t\t<div class=\"elementor-element elementor-element-bc56044 e-flex e-con-boxed e-con e-parent\" data-id=\"bc56044\" data-element_type=\"container\" data-e-type=\"container\">\n\t\t\t\t\t<div class=\"e-con-inner\">\n\t\t\t\t<div class=\"elementor-element elementor-element-6d7f469 elementor-widget elementor-widget-image\" data-id=\"6d7f469\" data-element_type=\"widget\" data-e-type=\"widget\" data-widget_type=\"image.default\">\n\t\t\t\t\t\t\t\t\t\t\t\t\t\t\t<img fetchpriority=\"high\" decoding=\"async\" width=\"800\" height=\"563\" src=\"https:\/\/jenatschgaragen.ch\/sommerhalder\/wp-content\/uploads\/sites\/2\/2026\/02\/Festival-KV-1024x720.png\" class=\"attachment-large size-large wp-image-1753\" alt=\"\" srcset=\"https:\/\/jenatschgaragen.ch\/sommerhalder\/wp-content\/uploads\/sites\/2\/2026\/02\/Festival-KV-1024x720.png 1024w, https:\/\/jenatschgaragen.ch\/sommerhalder\/wp-content\/uploads\/sites\/2\/2026\/02\/Festival-KV-300x211.png 300w, https:\/\/jenatschgaragen.ch\/sommerhalder\/wp-content\/uploads\/sites\/2\/2026\/02\/Festival-KV-768x540.png 768w, https:\/\/jenatschgaragen.ch\/sommerhalder\/wp-content\/uploads\/sites\/2\/2026\/02\/Festival-KV-1536x1081.png 1536w, https:\/\/jenatschgaragen.ch\/sommerhalder\/wp-content\/uploads\/sites\/2\/2026\/02\/Festival-KV-2048x1441.png 2048w\" sizes=\"(max-width: 800px) 100vw, 800px\" \/>\t\t\t\t\t\t\t\t\t\t\t\t\t\t\t<\/div>\n\t\t\t\t\t<\/div>\n\t\t\t\t<\/div>\n\t\t<div class=\"elementor-element elementor-element-b47601e e-flex e-con-boxed e-con e-parent\" data-id=\"b47601e\" data-element_type=\"container\" data-e-type=\"container\">\n\t\t\t\t\t<div class=\"e-con-inner\">\n\t\t\t\t<div class=\"elementor-element elementor-element-43e5802 elementor-widget elementor-widget-image\" data-id=\"43e5802\" data-element_type=\"widget\" data-e-type=\"widget\" data-widget_type=\"image.default\">\n\t\t\t\t\t\t\t\t\t\t\t\t\t\t\t<img decoding=\"async\" width=\"800\" height=\"563\" src=\"https:\/\/jenatschgaragen.ch\/sommerhalder\/wp-content\/uploads\/sites\/2\/2026\/02\/Festival-KV1-1024x721.png\" class=\"attachment-large size-large wp-image-1754\" alt=\"\" srcset=\"https:\/\/jenatschgaragen.ch\/sommerhalder\/wp-content\/uploads\/sites\/2\/2026\/02\/Festival-KV1-1024x721.png 1024w, https:\/\/jenatschgaragen.ch\/sommerhalder\/wp-content\/uploads\/sites\/2\/2026\/02\/Festival-KV1-300x211.png 300w, https:\/\/jenatschgaragen.ch\/sommerhalder\/wp-content\/uploads\/sites\/2\/2026\/02\/Festival-KV1-768x541.png 768w, https:\/\/jenatschgaragen.ch\/sommerhalder\/wp-content\/uploads\/sites\/2\/2026\/02\/Festival-KV1-1536x1082.png 1536w, https:\/\/jenatschgaragen.ch\/sommerhalder\/wp-content\/uploads\/sites\/2\/2026\/02\/Festival-KV1-2048x1442.png 2048w\" sizes=\"(max-width: 800px) 100vw, 800px\" \/>\t\t\t\t\t\t\t\t\t\t\t\t\t\t\t<\/div>\n\t\t\t\t\t<\/div>\n\t\t\t\t<\/div>\n\t\t\t\t<\/div>\n\t\t","protected":false},"excerpt":{"rendered":"<p>Wir laden Sie herzlich ein zum Volkswagen Festival vom 20. bis 22. M\u00e4rz 2026. Freuen Sie sich auf spannende Aktionen auf ausgew\u00e4hlte Modelle. Besuchen Sie uns vom 20. bis 22. M\u00e4rz 2026 und profitieren Sie von unseren limitierten Angeboten. Grosses Festival-Quiz in unserem Showroom:1. Preis: Dein Wunschauto im Wert von CHF 40\u2019000.\u2013\ud83e\udd48 2. Preis: VIP-Package [&hellip;]<\/p>\n","protected":false},"author":1,"featured_media":1680,"comment_status":"closed","ping_status":"open","sticky":false,"template":"","format":"standard","meta":{"footnotes":""},"categories":[10],"tags":[],"class_list":["post-1417","post","type-post","status-publish","format-standard","has-post-thumbnail","hentry","category-garage-sommerhalder"],"yoast_head":"<!-- This site is optimized with the Yoast SEO plugin v27.2 - https:\/\/yoast.com\/product\/yoast-seo-wordpress\/ -->\n<title>Volkswagen Festival - Garage Sommerhalder<\/title>\n<meta name=\"robots\" content=\"index, follow, max-snippet:-1, max-image-preview:large, max-video-preview:-1\" \/>\n<link rel=\"canonical\" href=\"https:\/\/jenatschgaragen.ch\/sommerhalder\/blog\/2026\/02\/19\/volkswagen-festival\/\" \/>\n<meta property=\"og:locale\" content=\"de_DE\" \/>\n<meta property=\"og:type\" content=\"article\" \/>\n<meta property=\"og:title\" content=\"Volkswagen Festival - Garage Sommerhalder\" \/>\n<meta property=\"og:description\" content=\"Wir laden Sie herzlich ein zum Volkswagen Festival vom 20. bis 22. M\u00e4rz 2026. Freuen Sie sich auf spannende Aktionen auf ausgew\u00e4hlte Modelle. Besuchen Sie uns vom 20. bis 22. M\u00e4rz 2026 und profitieren Sie von unseren limitierten Angeboten. Grosses Festival-Quiz in unserem Showroom:1. Preis: Dein Wunschauto im Wert von CHF 40\u2019000.\u2013\ud83e\udd48 2. Preis: VIP-Package [&hellip;]\" \/>\n<meta property=\"og:url\" content=\"https:\/\/jenatschgaragen.ch\/sommerhalder\/blog\/2026\/02\/19\/volkswagen-festival\/\" \/>\n<meta property=\"og:site_name\" content=\"Garage Sommerhalder\" \/>\n<meta property=\"article:published_time\" content=\"2026-02-19T09:28:18+00:00\" \/>\n<meta property=\"article:modified_time\" content=\"2026-03-17T07:38:43+00:00\" \/>\n<meta property=\"og:image\" content=\"https:\/\/jenatschgaragen.ch\/sommerhalder\/wp-content\/uploads\/sites\/2\/2026\/02\/news-Sommerhalder-Volkswagen_Festival.jpg\" \/>\n\t<meta property=\"og:image:width\" content=\"1440\" \/>\n\t<meta property=\"og:image:height\" content=\"770\" \/>\n\t<meta property=\"og:image:type\" content=\"image\/jpeg\" \/>\n<meta name=\"author\" content=\"Esclama Lab\" \/>\n<meta name=\"twitter:card\" content=\"summary_large_image\" \/>\n<meta name=\"twitter:label1\" content=\"Geschrieben von\" \/>\n\t<meta name=\"twitter:data1\" content=\"Esclama Lab\" \/>\n\t<meta name=\"twitter:label2\" content=\"Gesch\u00e4tzte Lesezeit\" \/>\n\t<meta name=\"twitter:data2\" content=\"2\u00a0Minuten\" \/>\n<script type=\"application\/ld+json\" class=\"yoast-schema-graph\">{\"@context\":\"https:\/\/schema.org\",\"@graph\":[{\"@type\":\"Article\",\"@id\":\"https:\/\/jenatschgaragen.ch\/sommerhalder\/blog\/2026\/02\/19\/volkswagen-festival\/#article\",\"isPartOf\":{\"@id\":\"https:\/\/jenatschgaragen.ch\/sommerhalder\/blog\/2026\/02\/19\/volkswagen-festival\/\"},\"author\":{\"name\":\"Esclama Lab\",\"@id\":\"https:\/\/jenatschgaragen.ch\/sommerhalder\/#\/schema\/person\/3f0c42293c20f734b526373b913a0042\"},\"headline\":\"Volkswagen Festival\",\"datePublished\":\"2026-02-19T09:28:18+00:00\",\"dateModified\":\"2026-03-17T07:38:43+00:00\",\"mainEntityOfPage\":{\"@id\":\"https:\/\/jenatschgaragen.ch\/sommerhalder\/blog\/2026\/02\/19\/volkswagen-festival\/\"},\"wordCount\":153,\"publisher\":{\"@id\":\"https:\/\/jenatschgaragen.ch\/sommerhalder\/#organization\"},\"image\":{\"@id\":\"https:\/\/jenatschgaragen.ch\/sommerhalder\/blog\/2026\/02\/19\/volkswagen-festival\/#primaryimage\"},\"thumbnailUrl\":\"https:\/\/jenatschgaragen.ch\/sommerhalder\/wp-content\/uploads\/sites\/2\/2026\/02\/news-Sommerhalder-Volkswagen_Festival.jpg\",\"articleSection\":[\"Garage Sommerhalder\"],\"inLanguage\":\"de-CH\"},{\"@type\":\"WebPage\",\"@id\":\"https:\/\/jenatschgaragen.ch\/sommerhalder\/blog\/2026\/02\/19\/volkswagen-festival\/\",\"url\":\"https:\/\/jenatschgaragen.ch\/sommerhalder\/blog\/2026\/02\/19\/volkswagen-festival\/\",\"name\":\"Volkswagen Festival - Garage Sommerhalder\",\"isPartOf\":{\"@id\":\"https:\/\/jenatschgaragen.ch\/sommerhalder\/#website\"},\"primaryImageOfPage\":{\"@id\":\"https:\/\/jenatschgaragen.ch\/sommerhalder\/blog\/2026\/02\/19\/volkswagen-festival\/#primaryimage\"},\"image\":{\"@id\":\"https:\/\/jenatschgaragen.ch\/sommerhalder\/blog\/2026\/02\/19\/volkswagen-festival\/#primaryimage\"},\"thumbnailUrl\":\"https:\/\/jenatschgaragen.ch\/sommerhalder\/wp-content\/uploads\/sites\/2\/2026\/02\/news-Sommerhalder-Volkswagen_Festival.jpg\",\"datePublished\":\"2026-02-19T09:28:18+00:00\",\"dateModified\":\"2026-03-17T07:38:43+00:00\",\"breadcrumb\":{\"@id\":\"https:\/\/jenatschgaragen.ch\/sommerhalder\/blog\/2026\/02\/19\/volkswagen-festival\/#breadcrumb\"},\"inLanguage\":\"de-CH\",\"potentialAction\":[{\"@type\":\"ReadAction\",\"target\":[\"https:\/\/jenatschgaragen.ch\/sommerhalder\/blog\/2026\/02\/19\/volkswagen-festival\/\"]}]},{\"@type\":\"ImageObject\",\"inLanguage\":\"de-CH\",\"@id\":\"https:\/\/jenatschgaragen.ch\/sommerhalder\/blog\/2026\/02\/19\/volkswagen-festival\/#primaryimage\",\"url\":\"https:\/\/jenatschgaragen.ch\/sommerhalder\/wp-content\/uploads\/sites\/2\/2026\/02\/news-Sommerhalder-Volkswagen_Festival.jpg\",\"contentUrl\":\"https:\/\/jenatschgaragen.ch\/sommerhalder\/wp-content\/uploads\/sites\/2\/2026\/02\/news-Sommerhalder-Volkswagen_Festival.jpg\",\"width\":1440,\"height\":770},{\"@type\":\"BreadcrumbList\",\"@id\":\"https:\/\/jenatschgaragen.ch\/sommerhalder\/blog\/2026\/02\/19\/volkswagen-festival\/#breadcrumb\",\"itemListElement\":[{\"@type\":\"ListItem\",\"position\":1,\"name\":\"Home\",\"item\":\"https:\/\/jenatschgaragen.ch\/sommerhalder\/\"},{\"@type\":\"ListItem\",\"position\":2,\"name\":\"Volkswagen Festival\"}]},{\"@type\":\"WebSite\",\"@id\":\"https:\/\/jenatschgaragen.ch\/sommerhalder\/#website\",\"url\":\"https:\/\/jenatschgaragen.ch\/sommerhalder\/\",\"name\":\"Garage Sommerhalder\",\"description\":\"Ihre Volkswagen-Experten im Herzen von Z\u00fcrich\\u2028\",\"publisher\":{\"@id\":\"https:\/\/jenatschgaragen.ch\/sommerhalder\/#organization\"},\"potentialAction\":[{\"@type\":\"SearchAction\",\"target\":{\"@type\":\"EntryPoint\",\"urlTemplate\":\"https:\/\/jenatschgaragen.ch\/sommerhalder\/?s={search_term_string}\"},\"query-input\":{\"@type\":\"PropertyValueSpecification\",\"valueRequired\":true,\"valueName\":\"search_term_string\"}}],\"inLanguage\":\"de-CH\"},{\"@type\":\"Organization\",\"@id\":\"https:\/\/jenatschgaragen.ch\/sommerhalder\/#organization\",\"name\":\"Garage Sommerhalder\",\"url\":\"https:\/\/jenatschgaragen.ch\/sommerhalder\/\",\"logo\":{\"@type\":\"ImageObject\",\"inLanguage\":\"de-CH\",\"@id\":\"https:\/\/jenatschgaragen.ch\/sommerhalder\/#\/schema\/logo\/image\/\",\"url\":\"https:\/\/jenatschgaragen.ch\/sommerhalder\/wp-content\/uploads\/sites\/2\/2026\/01\/logo-JG-Somerhalder.png\",\"contentUrl\":\"https:\/\/jenatschgaragen.ch\/sommerhalder\/wp-content\/uploads\/sites\/2\/2026\/01\/logo-JG-Somerhalder.png\",\"width\":560,\"height\":50,\"caption\":\"Garage Sommerhalder\"},\"image\":{\"@id\":\"https:\/\/jenatschgaragen.ch\/sommerhalder\/#\/schema\/logo\/image\/\"}},{\"@type\":\"Person\",\"@id\":\"https:\/\/jenatschgaragen.ch\/sommerhalder\/#\/schema\/person\/3f0c42293c20f734b526373b913a0042\",\"name\":\"Esclama Lab\",\"image\":{\"@type\":\"ImageObject\",\"inLanguage\":\"de-CH\",\"@id\":\"https:\/\/secure.gravatar.com\/avatar\/ef82f862c47e468a3c2d3f3dfeedb4f223ade5dc11a5d398ef6ff186e3ba6be2?s=96&d=mm&r=g\",\"url\":\"https:\/\/secure.gravatar.com\/avatar\/ef82f862c47e468a3c2d3f3dfeedb4f223ade5dc11a5d398ef6ff186e3ba6be2?s=96&d=mm&r=g\",\"contentUrl\":\"https:\/\/secure.gravatar.com\/avatar\/ef82f862c47e468a3c2d3f3dfeedb4f223ade5dc11a5d398ef6ff186e3ba6be2?s=96&d=mm&r=g\",\"caption\":\"Esclama Lab\"},\"sameAs\":[\"https:\/\/jenatschgaragen.ch\"],\"url\":\"https:\/\/jenatschgaragen.ch\/sommerhalder\/blog\/author\/esclama-lab\/\"}]}<\/script>\n<!-- \/ Yoast SEO plugin. -->","yoast_head_json":{"title":"Volkswagen Festival - Garage Sommerhalder","robots":{"index":"index","follow":"follow","max-snippet":"max-snippet:-1","max-image-preview":"max-image-preview:large","max-video-preview":"max-video-preview:-1"},"canonical":"https:\/\/jenatschgaragen.ch\/sommerhalder\/blog\/2026\/02\/19\/volkswagen-festival\/","og_locale":"de_DE","og_type":"article","og_title":"Volkswagen Festival - Garage Sommerhalder","og_description":"Wir laden Sie herzlich ein zum Volkswagen Festival vom 20. bis 22. M\u00e4rz 2026. Freuen Sie sich auf spannende Aktionen auf ausgew\u00e4hlte Modelle. Besuchen Sie uns vom 20. bis 22. M\u00e4rz 2026 und profitieren Sie von unseren limitierten Angeboten. Grosses Festival-Quiz in unserem Showroom:1. Preis: Dein Wunschauto im Wert von CHF 40\u2019000.\u2013\ud83e\udd48 2. Preis: VIP-Package [&hellip;]","og_url":"https:\/\/jenatschgaragen.ch\/sommerhalder\/blog\/2026\/02\/19\/volkswagen-festival\/","og_site_name":"Garage Sommerhalder","article_published_time":"2026-02-19T09:28:18+00:00","article_modified_time":"2026-03-17T07:38:43+00:00","og_image":[{"width":1440,"height":770,"url":"https:\/\/jenatschgaragen.ch\/sommerhalder\/wp-content\/uploads\/sites\/2\/2026\/02\/news-Sommerhalder-Volkswagen_Festival.jpg","type":"image\/jpeg"}],"author":"Esclama Lab","twitter_card":"summary_large_image","twitter_misc":{"Geschrieben von":"Esclama Lab","Gesch\u00e4tzte Lesezeit":"2\u00a0Minuten"},"schema":{"@context":"https:\/\/schema.org","@graph":[{"@type":"Article","@id":"https:\/\/jenatschgaragen.ch\/sommerhalder\/blog\/2026\/02\/19\/volkswagen-festival\/#article","isPartOf":{"@id":"https:\/\/jenatschgaragen.ch\/sommerhalder\/blog\/2026\/02\/19\/volkswagen-festival\/"},"author":{"name":"Esclama Lab","@id":"https:\/\/jenatschgaragen.ch\/sommerhalder\/#\/schema\/person\/3f0c42293c20f734b526373b913a0042"},"headline":"Volkswagen Festival","datePublished":"2026-02-19T09:28:18+00:00","dateModified":"2026-03-17T07:38:43+00:00","mainEntityOfPage":{"@id":"https:\/\/jenatschgaragen.ch\/sommerhalder\/blog\/2026\/02\/19\/volkswagen-festival\/"},"wordCount":153,"publisher":{"@id":"https:\/\/jenatschgaragen.ch\/sommerhalder\/#organization"},"image":{"@id":"https:\/\/jenatschgaragen.ch\/sommerhalder\/blog\/2026\/02\/19\/volkswagen-festival\/#primaryimage"},"thumbnailUrl":"https:\/\/jenatschgaragen.ch\/sommerhalder\/wp-content\/uploads\/sites\/2\/2026\/02\/news-Sommerhalder-Volkswagen_Festival.jpg","articleSection":["Garage Sommerhalder"],"inLanguage":"de-CH"},{"@type":"WebPage","@id":"https:\/\/jenatschgaragen.ch\/sommerhalder\/blog\/2026\/02\/19\/volkswagen-festival\/","url":"https:\/\/jenatschgaragen.ch\/sommerhalder\/blog\/2026\/02\/19\/volkswagen-festival\/","name":"Volkswagen Festival - Garage Sommerhalder","isPartOf":{"@id":"https:\/\/jenatschgaragen.ch\/sommerhalder\/#website"},"primaryImageOfPage":{"@id":"https:\/\/jenatschgaragen.ch\/sommerhalder\/blog\/2026\/02\/19\/volkswagen-festival\/#primaryimage"},"image":{"@id":"https:\/\/jenatschgaragen.ch\/sommerhalder\/blog\/2026\/02\/19\/volkswagen-festival\/#primaryimage"},"thumbnailUrl":"https:\/\/jenatschgaragen.ch\/sommerhalder\/wp-content\/uploads\/sites\/2\/2026\/02\/news-Sommerhalder-Volkswagen_Festival.jpg","datePublished":"2026-02-19T09:28:18+00:00","dateModified":"2026-03-17T07:38:43+00:00","breadcrumb":{"@id":"https:\/\/jenatschgaragen.ch\/sommerhalder\/blog\/2026\/02\/19\/volkswagen-festival\/#breadcrumb"},"inLanguage":"de-CH","potentialAction":[{"@type":"ReadAction","target":["https:\/\/jenatschgaragen.ch\/sommerhalder\/blog\/2026\/02\/19\/volkswagen-festival\/"]}]},{"@type":"ImageObject","inLanguage":"de-CH","@id":"https:\/\/jenatschgaragen.ch\/sommerhalder\/blog\/2026\/02\/19\/volkswagen-festival\/#primaryimage","url":"https:\/\/jenatschgaragen.ch\/sommerhalder\/wp-content\/uploads\/sites\/2\/2026\/02\/news-Sommerhalder-Volkswagen_Festival.jpg","contentUrl":"https:\/\/jenatschgaragen.ch\/sommerhalder\/wp-content\/uploads\/sites\/2\/2026\/02\/news-Sommerhalder-Volkswagen_Festival.jpg","width":1440,"height":770},{"@type":"BreadcrumbList","@id":"https:\/\/jenatschgaragen.ch\/sommerhalder\/blog\/2026\/02\/19\/volkswagen-festival\/#breadcrumb","itemListElement":[{"@type":"ListItem","position":1,"name":"Home","item":"https:\/\/jenatschgaragen.ch\/sommerhalder\/"},{"@type":"ListItem","position":2,"name":"Volkswagen Festival"}]},{"@type":"WebSite","@id":"https:\/\/jenatschgaragen.ch\/sommerhalder\/#website","url":"https:\/\/jenatschgaragen.ch\/sommerhalder\/","name":"Garage Sommerhalder","description":"Ihre Volkswagen-Experten im Herzen von Z\u00fcrich\u2028","publisher":{"@id":"https:\/\/jenatschgaragen.ch\/sommerhalder\/#organization"},"potentialAction":[{"@type":"SearchAction","target":{"@type":"EntryPoint","urlTemplate":"https:\/\/jenatschgaragen.ch\/sommerhalder\/?s={search_term_string}"},"query-input":{"@type":"PropertyValueSpecification","valueRequired":true,"valueName":"search_term_string"}}],"inLanguage":"de-CH"},{"@type":"Organization","@id":"https:\/\/jenatschgaragen.ch\/sommerhalder\/#organization","name":"Garage Sommerhalder","url":"https:\/\/jenatschgaragen.ch\/sommerhalder\/","logo":{"@type":"ImageObject","inLanguage":"de-CH","@id":"https:\/\/jenatschgaragen.ch\/sommerhalder\/#\/schema\/logo\/image\/","url":"https:\/\/jenatschgaragen.ch\/sommerhalder\/wp-content\/uploads\/sites\/2\/2026\/01\/logo-JG-Somerhalder.png","contentUrl":"https:\/\/jenatschgaragen.ch\/sommerhalder\/wp-content\/uploads\/sites\/2\/2026\/01\/logo-JG-Somerhalder.png","width":560,"height":50,"caption":"Garage Sommerhalder"},"image":{"@id":"https:\/\/jenatschgaragen.ch\/sommerhalder\/#\/schema\/logo\/image\/"}},{"@type":"Person","@id":"https:\/\/jenatschgaragen.ch\/sommerhalder\/#\/schema\/person\/3f0c42293c20f734b526373b913a0042","name":"Esclama Lab","image":{"@type":"ImageObject","inLanguage":"de-CH","@id":"https:\/\/secure.gravatar.com\/avatar\/ef82f862c47e468a3c2d3f3dfeedb4f223ade5dc11a5d398ef6ff186e3ba6be2?s=96&d=mm&r=g","url":"https:\/\/secure.gravatar.com\/avatar\/ef82f862c47e468a3c2d3f3dfeedb4f223ade5dc11a5d398ef6ff186e3ba6be2?s=96&d=mm&r=g","contentUrl":"https:\/\/secure.gravatar.com\/avatar\/ef82f862c47e468a3c2d3f3dfeedb4f223ade5dc11a5d398ef6ff186e3ba6be2?s=96&d=mm&r=g","caption":"Esclama Lab"},"sameAs":["https:\/\/jenatschgaragen.ch"],"url":"https:\/\/jenatschgaragen.ch\/sommerhalder\/blog\/author\/esclama-lab\/"}]}},"_links":{"self":[{"href":"https:\/\/jenatschgaragen.ch\/sommerhalder\/wp-json\/wp\/v2\/posts\/1417","targetHints":{"allow":["GET"]}}],"collection":[{"href":"https:\/\/jenatschgaragen.ch\/sommerhalder\/wp-json\/wp\/v2\/posts"}],"about":[{"href":"https:\/\/jenatschgaragen.ch\/sommerhalder\/wp-json\/wp\/v2\/types\/post"}],"author":[{"embeddable":true,"href":"https:\/\/jenatschgaragen.ch\/sommerhalder\/wp-json\/wp\/v2\/users\/1"}],"replies":[{"embeddable":true,"href":"https:\/\/jenatschgaragen.ch\/sommerhalder\/wp-json\/wp\/v2\/comments?post=1417"}],"version-history":[{"count":17,"href":"https:\/\/jenatschgaragen.ch\/sommerhalder\/wp-json\/wp\/v2\/posts\/1417\/revisions"}],"predecessor-version":[{"id":1757,"href":"https:\/\/jenatschgaragen.ch\/sommerhalder\/wp-json\/wp\/v2\/posts\/1417\/revisions\/1757"}],"wp:featuredmedia":[{"embeddable":true,"href":"https:\/\/jenatschgaragen.ch\/sommerhalder\/wp-json\/wp\/v2\/media\/1680"}],"wp:attachment":[{"href":"https:\/\/jenatschgaragen.ch\/sommerhalder\/wp-json\/wp\/v2\/media?parent=1417"}],"wp:term":[{"taxonomy":"category","embeddable":true,"href":"https:\/\/jenatschgaragen.ch\/sommerhalder\/wp-json\/wp\/v2\/categories?post=1417"},{"taxonomy":"post_tag","embeddable":true,"href":"https:\/\/jenatschgaragen.ch\/sommerhalder\/wp-json\/wp\/v2\/tags?post=1417"}],"curies":[{"name":"wp","href":"https:\/\/api.w.org\/{rel}","templated":true}]}}