{"id":1407,"date":"2026-02-19T18:07:22","date_gmt":"2026-02-19T17:07:22","guid":{"rendered":"https:\/\/effecto-marketing.ch\/jenatsch\/garage-zuerich-city\/?p=1407"},"modified":"2026-03-17T14:06:12","modified_gmt":"2026-03-17T13:06:12","slug":"saisonale-checks","status":"publish","type":"post","link":"https:\/\/jenatschgaragen.ch\/city\/blog\/2026\/02\/19\/saisonale-checks\/","title":{"rendered":"Reifenwechsel und Fr\u00fchlingscheck"},"content":{"rendered":"\t\t<div data-elementor-type=\"wp-post\" data-elementor-id=\"1407\" class=\"elementor elementor-1407\" data-elementor-post-type=\"post\">\n\t\t\t\t<div class=\"elementor-element elementor-element-35ce906e e-flex e-con-boxed e-con e-parent\" data-id=\"35ce906e\" data-element_type=\"container\" data-e-type=\"container\">\n\t\t\t\t\t<div class=\"e-con-inner\">\n\t\t\t\t<div class=\"elementor-element elementor-element-465fd6e6 elementor-widget elementor-widget-text-editor\" data-id=\"465fd6e6\" data-element_type=\"widget\" data-e-type=\"widget\" data-widget_type=\"text-editor.default\">\n\t\t\t\t\t\t\t\t\t<div class=\"col-lg-10 p-0\"><div class=\"productTitleWrapper\"><h2>Jetzt zum Fr\u00fchlings-Check f\u00fcr CHF 49.\u2013 anmelden und gleich den Reifenwechsel terminieren.<\/h2><\/div><\/div><div class=\"col-lg-8 p-0\"><p>Ein regelm\u00e4ssiger Fahrzeug-Check erh\u00f6ht nicht nur die Sicherheit, sondern hilft auch, kostspielige Reparaturen zu vermeiden und die Lebensdauer Ihres Fahrzeugs zu verl\u00e4ngern. Lassen Sie Ihr Fahrzeug gleich durch unsere spezialisierten Servicetechniker pr\u00fcfen.<\/p><\/div>\t\t\t\t\t\t\t\t<\/div>\n\t\t\t\t\t<\/div>\n\t\t\t\t<\/div>\n\t\t<div class=\"elementor-element elementor-element-7c9b48b e-flex e-con-boxed e-con e-parent\" data-id=\"7c9b48b\" data-element_type=\"container\" data-e-type=\"container\">\n\t\t\t\t\t<div class=\"e-con-inner\">\n\t\t\t\t<div class=\"elementor-element elementor-element-177be5b elementor-widget elementor-widget-image\" data-id=\"177be5b\" data-element_type=\"widget\" data-e-type=\"widget\" data-widget_type=\"image.default\">\n\t\t\t\t\t\t\t\t\t\t\t\t\t\t\t<img fetchpriority=\"high\" decoding=\"async\" width=\"800\" height=\"450\" src=\"https:\/\/jenatschgaragen.ch\/city\/wp-content\/uploads\/sites\/3\/2026\/01\/Service_DL_VW_Subsite_Fruehlings-Check_dfi-1024x576.jpg\" class=\"attachment-large size-large wp-image-1381\" alt=\"\" srcset=\"https:\/\/jenatschgaragen.ch\/city\/wp-content\/uploads\/sites\/3\/2026\/01\/Service_DL_VW_Subsite_Fruehlings-Check_dfi-1024x576.jpg 1024w, https:\/\/jenatschgaragen.ch\/city\/wp-content\/uploads\/sites\/3\/2026\/01\/Service_DL_VW_Subsite_Fruehlings-Check_dfi-300x169.jpg 300w, https:\/\/jenatschgaragen.ch\/city\/wp-content\/uploads\/sites\/3\/2026\/01\/Service_DL_VW_Subsite_Fruehlings-Check_dfi-768x432.jpg 768w, https:\/\/jenatschgaragen.ch\/city\/wp-content\/uploads\/sites\/3\/2026\/01\/Service_DL_VW_Subsite_Fruehlings-Check_dfi.jpg 1080w\" sizes=\"(max-width: 800px) 100vw, 800px\" \/>\t\t\t\t\t\t\t\t\t\t\t\t\t\t\t<\/div>\n\t\t\t\t\t<\/div>\n\t\t\t\t<\/div>\n\t\t<div class=\"elementor-element elementor-element-91e127d e-flex e-con-boxed e-con e-parent\" data-id=\"91e127d\" data-element_type=\"container\" data-e-type=\"container\">\n\t\t\t\t\t<div class=\"e-con-inner\">\n\t\t\t\t<div class=\"elementor-element elementor-element-5ef37d7 elementor-widget elementor-widget-text-editor\" data-id=\"5ef37d7\" data-element_type=\"widget\" data-e-type=\"widget\" data-widget_type=\"text-editor.default\">\n\t\t\t\t\t\t\t\t\t<div class=\"col-lg-10 p-0\"><div class=\"productTitleWrapper\">Der regelm\u00e4ssige Reifenwechsel ist wichtig f\u00fcr die Sicherheit und den optimalen Fahrkomfort. Wir beraten Sie gerne zu unserem breiten Reifen- und R\u00e4dersortiment.<\/div><div>\u00a0<\/div><div class=\"productTitleWrapper\"><strong>ReifenGarantie \u2013 24 Monate kostenlos<\/strong><\/div><\/div><div class=\"col-lg-8 p-0\"><p>Sollte sich beim Reifenwechsel zeigen, dass Ihr Reifenprofil stark abgenutzt ist und Sie neue Reifen ben\u00f6tigen, w\u00fcrden Sie beim Kauf neuer Reifen automatisch von der kostenlosen 24\u2011Monate\u2011ReifenGarantie profitieren. Sie w\u00e4ren gesch\u00fctzt vor Sch\u00e4den durch Bordsteinkanten, N\u00e4gel und sogar Vandalismus.<\/p><\/div>\t\t\t\t\t\t\t\t<\/div>\n\t\t\t\t<div class=\"elementor-element elementor-element-18c3fe6 elementor-widget elementor-widget-button\" data-id=\"18c3fe6\" data-element_type=\"widget\" data-e-type=\"widget\" data-widget_type=\"button.default\">\n\t\t\t\t\t\t\t\t\t\t<a class=\"elementor-button elementor-button-link elementor-size-sm\" href=\"https:\/\/jenatschgarage.sopl.ch\/de\/\">\n\t\t\t\t\t\t<span class=\"elementor-button-content-wrapper\">\n\t\t\t\t\t\t\t\t\t<span class=\"elementor-button-text\">Jetzt anmelden<\/span>\n\t\t\t\t\t<\/span>\n\t\t\t\t\t<\/a>\n\t\t\t\t\t\t\t\t<\/div>\n\t\t\t\t\t<\/div>\n\t\t\t\t<\/div>\n\t\t<div class=\"elementor-element elementor-element-e7a3b48 e-flex e-con-boxed e-con e-parent\" data-id=\"e7a3b48\" data-element_type=\"container\" data-e-type=\"container\">\n\t\t\t\t\t<div class=\"e-con-inner\">\n\t\t\t\t<div class=\"elementor-element elementor-element-c1477ad elementor-widget elementor-widget-image\" data-id=\"c1477ad\" data-element_type=\"widget\" data-e-type=\"widget\" data-widget_type=\"image.default\">\n\t\t\t\t\t\t\t\t\t\t\t\t\t\t\t<img decoding=\"async\" width=\"762\" height=\"463\" src=\"https:\/\/jenatschgaragen.ch\/city\/wp-content\/uploads\/sites\/3\/2026\/02\/vwpw_service_1_d.jpg\" class=\"attachment-large size-large wp-image-1525\" alt=\"\" srcset=\"https:\/\/jenatschgaragen.ch\/city\/wp-content\/uploads\/sites\/3\/2026\/02\/vwpw_service_1_d.jpg 762w, https:\/\/jenatschgaragen.ch\/city\/wp-content\/uploads\/sites\/3\/2026\/02\/vwpw_service_1_d-300x182.jpg 300w\" sizes=\"(max-width: 762px) 100vw, 762px\" \/>\t\t\t\t\t\t\t\t\t\t\t\t\t\t\t<\/div>\n\t\t\t\t\t<\/div>\n\t\t\t\t<\/div>\n\t\t\t\t<\/div>\n\t\t","protected":false},"excerpt":{"rendered":"<p>Jetzt zum Fr\u00fchlings-Check f\u00fcr CHF 49.\u2013 anmelden und gleich den Reifenwechsel terminieren. Ein regelm\u00e4ssiger Fahrzeug-Check erh\u00f6ht nicht nur die Sicherheit, sondern hilft auch, kostspielige Reparaturen zu vermeiden und die Lebensdauer Ihres Fahrzeugs zu verl\u00e4ngern. Lassen Sie Ihr Fahrzeug gleich durch unsere spezialisierten Servicetechniker pr\u00fcfen. Der regelm\u00e4ssige Reifenwechsel ist wichtig f\u00fcr die Sicherheit und den optimalen [&hellip;]<\/p>\n","protected":false},"author":1,"featured_media":1382,"comment_status":"closed","ping_status":"open","sticky":false,"template":"","format":"standard","meta":{"footnotes":""},"categories":[10],"tags":[],"class_list":["post-1407","post","type-post","status-publish","format-standard","has-post-thumbnail","hentry","category-jenatschgarage-zuerich-city"],"yoast_head":"<!-- This site is optimized with the Yoast SEO plugin v27.2 - https:\/\/yoast.com\/product\/yoast-seo-wordpress\/ -->\n<title>Reifenwechsel und Fr\u00fchlingscheck - Jenatschgarage Z\u00fcrich-City<\/title>\n<meta name=\"description\" content=\"Jetzt zum Fr\u00fchlings-Check f\u00fcr CHF 49.\u2013 anmelden und gleich den Reifenwechsel terminieren. Ihr Volkswagen Experte erwartet Sie in Z\u00fcrich.\" \/>\n<meta name=\"robots\" content=\"index, follow, max-snippet:-1, max-image-preview:large, max-video-preview:-1\" \/>\n<link rel=\"canonical\" href=\"https:\/\/jenatschgaragen.ch\/city\/blog\/2026\/02\/19\/saisonale-checks\/\" \/>\n<meta property=\"og:locale\" content=\"de_DE\" \/>\n<meta property=\"og:type\" content=\"article\" \/>\n<meta property=\"og:title\" content=\"Reifenwechsel und Fr\u00fchlingscheck - Jenatschgarage Z\u00fcrich-City\" \/>\n<meta property=\"og:description\" content=\"Jetzt zum Fr\u00fchlings-Check f\u00fcr CHF 49.\u2013 anmelden und gleich den Reifenwechsel terminieren. Ihr Volkswagen Experte erwartet Sie in Z\u00fcrich.\" \/>\n<meta property=\"og:url\" content=\"https:\/\/jenatschgaragen.ch\/city\/blog\/2026\/02\/19\/saisonale-checks\/\" \/>\n<meta property=\"og:site_name\" content=\"Jenatschgarage Z\u00fcrich-City\" \/>\n<meta property=\"article:published_time\" content=\"2026-02-19T17:07:22+00:00\" \/>\n<meta property=\"article:modified_time\" content=\"2026-03-17T13:06:12+00:00\" \/>\n<meta property=\"og:image\" content=\"https:\/\/jenatschgaragen.ch\/city\/wp-content\/uploads\/sites\/3\/2026\/01\/immagini_JENATSCH_GAREGEN_07.jpg\" \/>\n\t<meta property=\"og:image:width\" content=\"1600\" \/>\n\t<meta property=\"og:image:height\" content=\"716\" \/>\n\t<meta property=\"og:image:type\" content=\"image\/jpeg\" \/>\n<meta name=\"author\" content=\"Esclama Lab\" \/>\n<meta name=\"twitter:card\" content=\"summary_large_image\" \/>\n<meta name=\"twitter:label1\" content=\"Geschrieben von\" \/>\n\t<meta name=\"twitter:data1\" content=\"Esclama Lab\" \/>\n\t<meta name=\"twitter:label2\" content=\"Gesch\u00e4tzte Lesezeit\" \/>\n\t<meta name=\"twitter:data2\" content=\"2\u00a0Minuten\" \/>\n<script type=\"application\/ld+json\" class=\"yoast-schema-graph\">{\"@context\":\"https:\/\/schema.org\",\"@graph\":[{\"@type\":\"Article\",\"@id\":\"https:\/\/jenatschgaragen.ch\/city\/blog\/2026\/02\/19\/saisonale-checks\/#article\",\"isPartOf\":{\"@id\":\"https:\/\/jenatschgaragen.ch\/city\/blog\/2026\/02\/19\/saisonale-checks\/\"},\"author\":{\"name\":\"Esclama Lab\",\"@id\":\"https:\/\/jenatschgaragen.ch\/city\/#\/schema\/person\/3f0c42293c20f734b526373b913a0042\"},\"headline\":\"Reifenwechsel und Fr\u00fchlingscheck\",\"datePublished\":\"2026-02-19T17:07:22+00:00\",\"dateModified\":\"2026-03-17T13:06:12+00:00\",\"mainEntityOfPage\":{\"@id\":\"https:\/\/jenatschgaragen.ch\/city\/blog\/2026\/02\/19\/saisonale-checks\/\"},\"wordCount\":129,\"publisher\":{\"@id\":\"https:\/\/jenatschgaragen.ch\/city\/#organization\"},\"image\":{\"@id\":\"https:\/\/jenatschgaragen.ch\/city\/blog\/2026\/02\/19\/saisonale-checks\/#primaryimage\"},\"thumbnailUrl\":\"https:\/\/jenatschgaragen.ch\/city\/wp-content\/uploads\/sites\/3\/2026\/01\/immagini_JENATSCH_GAREGEN_07.jpg\",\"articleSection\":[\"Jenatschgarage Z\u00fcrich-City\"],\"inLanguage\":\"de-CH\"},{\"@type\":\"WebPage\",\"@id\":\"https:\/\/jenatschgaragen.ch\/city\/blog\/2026\/02\/19\/saisonale-checks\/\",\"url\":\"https:\/\/jenatschgaragen.ch\/city\/blog\/2026\/02\/19\/saisonale-checks\/\",\"name\":\"Reifenwechsel und Fr\u00fchlingscheck - Jenatschgarage Z\u00fcrich-City\",\"isPartOf\":{\"@id\":\"https:\/\/jenatschgaragen.ch\/city\/#website\"},\"primaryImageOfPage\":{\"@id\":\"https:\/\/jenatschgaragen.ch\/city\/blog\/2026\/02\/19\/saisonale-checks\/#primaryimage\"},\"image\":{\"@id\":\"https:\/\/jenatschgaragen.ch\/city\/blog\/2026\/02\/19\/saisonale-checks\/#primaryimage\"},\"thumbnailUrl\":\"https:\/\/jenatschgaragen.ch\/city\/wp-content\/uploads\/sites\/3\/2026\/01\/immagini_JENATSCH_GAREGEN_07.jpg\",\"datePublished\":\"2026-02-19T17:07:22+00:00\",\"dateModified\":\"2026-03-17T13:06:12+00:00\",\"description\":\"Jetzt zum Fr\u00fchlings-Check f\u00fcr CHF 49.\u2013 anmelden und gleich den Reifenwechsel terminieren. Ihr Volkswagen Experte erwartet Sie in Z\u00fcrich.\",\"breadcrumb\":{\"@id\":\"https:\/\/jenatschgaragen.ch\/city\/blog\/2026\/02\/19\/saisonale-checks\/#breadcrumb\"},\"inLanguage\":\"de-CH\",\"potentialAction\":[{\"@type\":\"ReadAction\",\"target\":[\"https:\/\/jenatschgaragen.ch\/city\/blog\/2026\/02\/19\/saisonale-checks\/\"]}]},{\"@type\":\"ImageObject\",\"inLanguage\":\"de-CH\",\"@id\":\"https:\/\/jenatschgaragen.ch\/city\/blog\/2026\/02\/19\/saisonale-checks\/#primaryimage\",\"url\":\"https:\/\/jenatschgaragen.ch\/city\/wp-content\/uploads\/sites\/3\/2026\/01\/immagini_JENATSCH_GAREGEN_07.jpg\",\"contentUrl\":\"https:\/\/jenatschgaragen.ch\/city\/wp-content\/uploads\/sites\/3\/2026\/01\/immagini_JENATSCH_GAREGEN_07.jpg\",\"width\":1600,\"height\":716},{\"@type\":\"BreadcrumbList\",\"@id\":\"https:\/\/jenatschgaragen.ch\/city\/blog\/2026\/02\/19\/saisonale-checks\/#breadcrumb\",\"itemListElement\":[{\"@type\":\"ListItem\",\"position\":1,\"name\":\"Home\",\"item\":\"https:\/\/jenatschgaragen.ch\/city\/\"},{\"@type\":\"ListItem\",\"position\":2,\"name\":\"Reifenwechsel und Fr\u00fchlingscheck\"}]},{\"@type\":\"WebSite\",\"@id\":\"https:\/\/jenatschgaragen.ch\/city\/#website\",\"url\":\"https:\/\/jenatschgaragen.ch\/city\/\",\"name\":\"Jenatschgarage Z\u00fcrich-City\",\"description\":\"Ihre Mobilit\u00e4ts-Experten im Herzen von Z\u00fcrich\",\"publisher\":{\"@id\":\"https:\/\/jenatschgaragen.ch\/city\/#organization\"},\"potentialAction\":[{\"@type\":\"SearchAction\",\"target\":{\"@type\":\"EntryPoint\",\"urlTemplate\":\"https:\/\/jenatschgaragen.ch\/city\/?s={search_term_string}\"},\"query-input\":{\"@type\":\"PropertyValueSpecification\",\"valueRequired\":true,\"valueName\":\"search_term_string\"}}],\"inLanguage\":\"de-CH\"},{\"@type\":\"Organization\",\"@id\":\"https:\/\/jenatschgaragen.ch\/city\/#organization\",\"name\":\"Jenatschgarage Z\u00fcrich-City\",\"url\":\"https:\/\/jenatschgaragen.ch\/city\/\",\"logo\":{\"@type\":\"ImageObject\",\"inLanguage\":\"de-CH\",\"@id\":\"https:\/\/jenatschgaragen.ch\/city\/#\/schema\/logo\/image\/\",\"url\":\"https:\/\/jenatschgaragen.ch\/city\/wp-content\/uploads\/sites\/3\/2026\/01\/logo-Jenatschgarage-Zuerich-City.png\",\"contentUrl\":\"https:\/\/jenatschgaragen.ch\/city\/wp-content\/uploads\/sites\/3\/2026\/01\/logo-Jenatschgarage-Zuerich-City.png\",\"width\":530,\"height\":110,\"caption\":\"Jenatschgarage Z\u00fcrich-City\"},\"image\":{\"@id\":\"https:\/\/jenatschgaragen.ch\/city\/#\/schema\/logo\/image\/\"}},{\"@type\":\"Person\",\"@id\":\"https:\/\/jenatschgaragen.ch\/city\/#\/schema\/person\/3f0c42293c20f734b526373b913a0042\",\"name\":\"Esclama Lab\",\"image\":{\"@type\":\"ImageObject\",\"inLanguage\":\"de-CH\",\"@id\":\"https:\/\/secure.gravatar.com\/avatar\/ef82f862c47e468a3c2d3f3dfeedb4f223ade5dc11a5d398ef6ff186e3ba6be2?s=96&d=mm&r=g\",\"url\":\"https:\/\/secure.gravatar.com\/avatar\/ef82f862c47e468a3c2d3f3dfeedb4f223ade5dc11a5d398ef6ff186e3ba6be2?s=96&d=mm&r=g\",\"contentUrl\":\"https:\/\/secure.gravatar.com\/avatar\/ef82f862c47e468a3c2d3f3dfeedb4f223ade5dc11a5d398ef6ff186e3ba6be2?s=96&d=mm&r=g\",\"caption\":\"Esclama Lab\"},\"sameAs\":[\"https:\/\/jenatschgaragen.ch\"],\"url\":\"https:\/\/jenatschgaragen.ch\/city\/blog\/author\/esclama-lab\/\"}]}<\/script>\n<!-- \/ Yoast SEO plugin. -->","yoast_head_json":{"title":"Reifenwechsel und Fr\u00fchlingscheck - Jenatschgarage Z\u00fcrich-City","description":"Jetzt zum Fr\u00fchlings-Check f\u00fcr CHF 49.\u2013 anmelden und gleich den Reifenwechsel terminieren. Ihr Volkswagen Experte erwartet Sie in Z\u00fcrich.","robots":{"index":"index","follow":"follow","max-snippet":"max-snippet:-1","max-image-preview":"max-image-preview:large","max-video-preview":"max-video-preview:-1"},"canonical":"https:\/\/jenatschgaragen.ch\/city\/blog\/2026\/02\/19\/saisonale-checks\/","og_locale":"de_DE","og_type":"article","og_title":"Reifenwechsel und Fr\u00fchlingscheck - Jenatschgarage Z\u00fcrich-City","og_description":"Jetzt zum Fr\u00fchlings-Check f\u00fcr CHF 49.\u2013 anmelden und gleich den Reifenwechsel terminieren. Ihr Volkswagen Experte erwartet Sie in Z\u00fcrich.","og_url":"https:\/\/jenatschgaragen.ch\/city\/blog\/2026\/02\/19\/saisonale-checks\/","og_site_name":"Jenatschgarage Z\u00fcrich-City","article_published_time":"2026-02-19T17:07:22+00:00","article_modified_time":"2026-03-17T13:06:12+00:00","og_image":[{"width":1600,"height":716,"url":"https:\/\/jenatschgaragen.ch\/city\/wp-content\/uploads\/sites\/3\/2026\/01\/immagini_JENATSCH_GAREGEN_07.jpg","type":"image\/jpeg"}],"author":"Esclama Lab","twitter_card":"summary_large_image","twitter_misc":{"Geschrieben von":"Esclama Lab","Gesch\u00e4tzte Lesezeit":"2\u00a0Minuten"},"schema":{"@context":"https:\/\/schema.org","@graph":[{"@type":"Article","@id":"https:\/\/jenatschgaragen.ch\/city\/blog\/2026\/02\/19\/saisonale-checks\/#article","isPartOf":{"@id":"https:\/\/jenatschgaragen.ch\/city\/blog\/2026\/02\/19\/saisonale-checks\/"},"author":{"name":"Esclama Lab","@id":"https:\/\/jenatschgaragen.ch\/city\/#\/schema\/person\/3f0c42293c20f734b526373b913a0042"},"headline":"Reifenwechsel und Fr\u00fchlingscheck","datePublished":"2026-02-19T17:07:22+00:00","dateModified":"2026-03-17T13:06:12+00:00","mainEntityOfPage":{"@id":"https:\/\/jenatschgaragen.ch\/city\/blog\/2026\/02\/19\/saisonale-checks\/"},"wordCount":129,"publisher":{"@id":"https:\/\/jenatschgaragen.ch\/city\/#organization"},"image":{"@id":"https:\/\/jenatschgaragen.ch\/city\/blog\/2026\/02\/19\/saisonale-checks\/#primaryimage"},"thumbnailUrl":"https:\/\/jenatschgaragen.ch\/city\/wp-content\/uploads\/sites\/3\/2026\/01\/immagini_JENATSCH_GAREGEN_07.jpg","articleSection":["Jenatschgarage Z\u00fcrich-City"],"inLanguage":"de-CH"},{"@type":"WebPage","@id":"https:\/\/jenatschgaragen.ch\/city\/blog\/2026\/02\/19\/saisonale-checks\/","url":"https:\/\/jenatschgaragen.ch\/city\/blog\/2026\/02\/19\/saisonale-checks\/","name":"Reifenwechsel und Fr\u00fchlingscheck - Jenatschgarage Z\u00fcrich-City","isPartOf":{"@id":"https:\/\/jenatschgaragen.ch\/city\/#website"},"primaryImageOfPage":{"@id":"https:\/\/jenatschgaragen.ch\/city\/blog\/2026\/02\/19\/saisonale-checks\/#primaryimage"},"image":{"@id":"https:\/\/jenatschgaragen.ch\/city\/blog\/2026\/02\/19\/saisonale-checks\/#primaryimage"},"thumbnailUrl":"https:\/\/jenatschgaragen.ch\/city\/wp-content\/uploads\/sites\/3\/2026\/01\/immagini_JENATSCH_GAREGEN_07.jpg","datePublished":"2026-02-19T17:07:22+00:00","dateModified":"2026-03-17T13:06:12+00:00","description":"Jetzt zum Fr\u00fchlings-Check f\u00fcr CHF 49.\u2013 anmelden und gleich den Reifenwechsel terminieren. Ihr Volkswagen Experte erwartet Sie in Z\u00fcrich.","breadcrumb":{"@id":"https:\/\/jenatschgaragen.ch\/city\/blog\/2026\/02\/19\/saisonale-checks\/#breadcrumb"},"inLanguage":"de-CH","potentialAction":[{"@type":"ReadAction","target":["https:\/\/jenatschgaragen.ch\/city\/blog\/2026\/02\/19\/saisonale-checks\/"]}]},{"@type":"ImageObject","inLanguage":"de-CH","@id":"https:\/\/jenatschgaragen.ch\/city\/blog\/2026\/02\/19\/saisonale-checks\/#primaryimage","url":"https:\/\/jenatschgaragen.ch\/city\/wp-content\/uploads\/sites\/3\/2026\/01\/immagini_JENATSCH_GAREGEN_07.jpg","contentUrl":"https:\/\/jenatschgaragen.ch\/city\/wp-content\/uploads\/sites\/3\/2026\/01\/immagini_JENATSCH_GAREGEN_07.jpg","width":1600,"height":716},{"@type":"BreadcrumbList","@id":"https:\/\/jenatschgaragen.ch\/city\/blog\/2026\/02\/19\/saisonale-checks\/#breadcrumb","itemListElement":[{"@type":"ListItem","position":1,"name":"Home","item":"https:\/\/jenatschgaragen.ch\/city\/"},{"@type":"ListItem","position":2,"name":"Reifenwechsel und Fr\u00fchlingscheck"}]},{"@type":"WebSite","@id":"https:\/\/jenatschgaragen.ch\/city\/#website","url":"https:\/\/jenatschgaragen.ch\/city\/","name":"Jenatschgarage Z\u00fcrich-City","description":"Ihre Mobilit\u00e4ts-Experten im Herzen von Z\u00fcrich","publisher":{"@id":"https:\/\/jenatschgaragen.ch\/city\/#organization"},"potentialAction":[{"@type":"SearchAction","target":{"@type":"EntryPoint","urlTemplate":"https:\/\/jenatschgaragen.ch\/city\/?s={search_term_string}"},"query-input":{"@type":"PropertyValueSpecification","valueRequired":true,"valueName":"search_term_string"}}],"inLanguage":"de-CH"},{"@type":"Organization","@id":"https:\/\/jenatschgaragen.ch\/city\/#organization","name":"Jenatschgarage Z\u00fcrich-City","url":"https:\/\/jenatschgaragen.ch\/city\/","logo":{"@type":"ImageObject","inLanguage":"de-CH","@id":"https:\/\/jenatschgaragen.ch\/city\/#\/schema\/logo\/image\/","url":"https:\/\/jenatschgaragen.ch\/city\/wp-content\/uploads\/sites\/3\/2026\/01\/logo-Jenatschgarage-Zuerich-City.png","contentUrl":"https:\/\/jenatschgaragen.ch\/city\/wp-content\/uploads\/sites\/3\/2026\/01\/logo-Jenatschgarage-Zuerich-City.png","width":530,"height":110,"caption":"Jenatschgarage Z\u00fcrich-City"},"image":{"@id":"https:\/\/jenatschgaragen.ch\/city\/#\/schema\/logo\/image\/"}},{"@type":"Person","@id":"https:\/\/jenatschgaragen.ch\/city\/#\/schema\/person\/3f0c42293c20f734b526373b913a0042","name":"Esclama Lab","image":{"@type":"ImageObject","inLanguage":"de-CH","@id":"https:\/\/secure.gravatar.com\/avatar\/ef82f862c47e468a3c2d3f3dfeedb4f223ade5dc11a5d398ef6ff186e3ba6be2?s=96&d=mm&r=g","url":"https:\/\/secure.gravatar.com\/avatar\/ef82f862c47e468a3c2d3f3dfeedb4f223ade5dc11a5d398ef6ff186e3ba6be2?s=96&d=mm&r=g","contentUrl":"https:\/\/secure.gravatar.com\/avatar\/ef82f862c47e468a3c2d3f3dfeedb4f223ade5dc11a5d398ef6ff186e3ba6be2?s=96&d=mm&r=g","caption":"Esclama Lab"},"sameAs":["https:\/\/jenatschgaragen.ch"],"url":"https:\/\/jenatschgaragen.ch\/city\/blog\/author\/esclama-lab\/"}]}},"_links":{"self":[{"href":"https:\/\/jenatschgaragen.ch\/city\/wp-json\/wp\/v2\/posts\/1407","targetHints":{"allow":["GET"]}}],"collection":[{"href":"https:\/\/jenatschgaragen.ch\/city\/wp-json\/wp\/v2\/posts"}],"about":[{"href":"https:\/\/jenatschgaragen.ch\/city\/wp-json\/wp\/v2\/types\/post"}],"author":[{"embeddable":true,"href":"https:\/\/jenatschgaragen.ch\/city\/wp-json\/wp\/v2\/users\/1"}],"replies":[{"embeddable":true,"href":"https:\/\/jenatschgaragen.ch\/city\/wp-json\/wp\/v2\/comments?post=1407"}],"version-history":[{"count":11,"href":"https:\/\/jenatschgaragen.ch\/city\/wp-json\/wp\/v2\/posts\/1407\/revisions"}],"predecessor-version":[{"id":1528,"href":"https:\/\/jenatschgaragen.ch\/city\/wp-json\/wp\/v2\/posts\/1407\/revisions\/1528"}],"wp:featuredmedia":[{"embeddable":true,"href":"https:\/\/jenatschgaragen.ch\/city\/wp-json\/wp\/v2\/media\/1382"}],"wp:attachment":[{"href":"https:\/\/jenatschgaragen.ch\/city\/wp-json\/wp\/v2\/media?parent=1407"}],"wp:term":[{"taxonomy":"category","embeddable":true,"href":"https:\/\/jenatschgaragen.ch\/city\/wp-json\/wp\/v2\/categories?post=1407"},{"taxonomy":"post_tag","embeddable":true,"href":"https:\/\/jenatschgaragen.ch\/city\/wp-json\/wp\/v2\/tags?post=1407"}],"curies":[{"name":"wp","href":"https:\/\/api.w.org\/{rel}","templated":true}]}}