{"id":1401,"date":"2026-02-19T18:05:14","date_gmt":"2026-02-19T17:05:14","guid":{"rendered":"https:\/\/effecto-marketing.ch\/jenatsch\/garage-zuerich-city\/?p=1401"},"modified":"2026-02-19T18:06:14","modified_gmt":"2026-02-19T17:06:14","slug":"fahrzeugzubehoer","status":"publish","type":"post","link":"https:\/\/jenatschgaragen.ch\/city\/blog\/2026\/02\/19\/fahrzeugzubehoer\/","title":{"rendered":"Fahrzeugzubeh\u00f6r"},"content":{"rendered":"\t\t<div data-elementor-type=\"wp-post\" data-elementor-id=\"1401\" class=\"elementor elementor-1401\" data-elementor-post-type=\"post\">\n\t\t\t\t<div class=\"elementor-element elementor-element-35ce906e e-flex e-con-boxed e-con e-parent\" data-id=\"35ce906e\" data-element_type=\"container\" data-e-type=\"container\">\n\t\t\t\t\t<div class=\"e-con-inner\">\n\t\t\t\t<div class=\"elementor-element elementor-element-465fd6e6 elementor-widget elementor-widget-text-editor\" data-id=\"465fd6e6\" data-element_type=\"widget\" data-e-type=\"widget\" data-widget_type=\"text-editor.default\">\n\t\t\t\t\t\t\t\t\t\n<h3>Original Zubeh\u00f6r<\/h3>\n<p>Vom hochwertigen Hifi- und Navigationssystem bis zum Kindersitz. Original Zubeh\u00f6r f\u00fcr das perfekte Fahrgef\u00fchl.\u00a0Setzen\u00a0Sie sich mit uns in Verbindung und Sie erhalten kompetente Beratung und Auskunft.<\/p>\n\t\t\t\t\t\t\t\t<\/div>\n\t\t\t\t\t<\/div>\n\t\t\t\t<\/div>\n\t\t<div class=\"elementor-element elementor-element-7c9b48b e-flex e-con-boxed e-con e-parent\" data-id=\"7c9b48b\" data-element_type=\"container\" data-e-type=\"container\">\n\t\t\t\t\t<div class=\"e-con-inner\">\n\t\t\t\t<div class=\"elementor-element elementor-element-177be5b elementor-widget elementor-widget-image\" data-id=\"177be5b\" data-element_type=\"widget\" data-e-type=\"widget\" data-widget_type=\"image.default\">\n\t\t\t\t\t\t\t\t\t\t\t\t\t\t\t<img fetchpriority=\"high\" decoding=\"async\" width=\"800\" height=\"358\" src=\"https:\/\/jenatschgaragen.ch\/city\/wp-content\/uploads\/sites\/3\/2026\/02\/immagini_JENATSCH_GAREGEN_03-1024x458.jpg\" class=\"attachment-large size-large wp-image-1056\" alt=\"\" srcset=\"https:\/\/jenatschgaragen.ch\/city\/wp-content\/uploads\/sites\/3\/2026\/02\/immagini_JENATSCH_GAREGEN_03-1024x458.jpg 1024w, https:\/\/jenatschgaragen.ch\/city\/wp-content\/uploads\/sites\/3\/2026\/02\/immagini_JENATSCH_GAREGEN_03-300x134.jpg 300w, https:\/\/jenatschgaragen.ch\/city\/wp-content\/uploads\/sites\/3\/2026\/02\/immagini_JENATSCH_GAREGEN_03-768x344.jpg 768w, https:\/\/jenatschgaragen.ch\/city\/wp-content\/uploads\/sites\/3\/2026\/02\/immagini_JENATSCH_GAREGEN_03-1536x687.jpg 1536w, https:\/\/jenatschgaragen.ch\/city\/wp-content\/uploads\/sites\/3\/2026\/02\/immagini_JENATSCH_GAREGEN_03.jpg 1600w\" sizes=\"(max-width: 800px) 100vw, 800px\" \/>\t\t\t\t\t\t\t\t\t\t\t\t\t\t\t<\/div>\n\t\t\t\t\t<\/div>\n\t\t\t\t<\/div>\n\t\t<div class=\"elementor-element elementor-element-91e127d e-flex e-con-boxed e-con e-parent\" data-id=\"91e127d\" data-element_type=\"container\" data-e-type=\"container\">\n\t\t\t\t\t<div class=\"e-con-inner\">\n\t\t\t\t<div class=\"elementor-element elementor-element-5ef37d7 elementor-widget elementor-widget-text-editor\" data-id=\"5ef37d7\" data-element_type=\"widget\" data-e-type=\"widget\" data-widget_type=\"text-editor.default\">\n\t\t\t\t\t\t\t\t\t\n<p>Rufen Sie uns an oder schreiben Sie uns. Gerne vereinbaren wir mit Ihnen einen passenden Termin:<\/p>\n<div class=\"elementor-element elementor-element-3e9e80e elementor-widget elementor-widget-heading\" data-id=\"3e9e80e\" data-element_type=\"widget\" data-e-type=\"widget\" data-widget_type=\"heading.default\">\n<p class=\"elementor-heading-title elementor-size-default\">Pers\u00f6nlich und nah bei Ihnen:<\/p>\n<p>info@jenatschgarage.ch<br \/>Tel 044 202 88 86<\/p>\n<\/div>\n\t\t\t\t\t\t\t\t<\/div>\n\t\t\t\t\t<\/div>\n\t\t\t\t<\/div>\n\t\t\t\t<\/div>\n\t\t","protected":false},"excerpt":{"rendered":"<p>Original Zubeh\u00f6r Vom hochwertigen Hifi- und Navigationssystem bis zum Kindersitz. Original Zubeh\u00f6r f\u00fcr das perfekte Fahrgef\u00fchl.\u00a0Setzen\u00a0Sie sich mit uns in Verbindung und Sie erhalten kompetente Beratung und Auskunft. Rufen Sie uns an oder schreiben Sie uns. Gerne vereinbaren wir mit Ihnen einen passenden Termin: Pers\u00f6nlich und nah bei Ihnen: info@jenatschgarage.chTel 044 202 88 86<\/p>\n","protected":false},"author":1,"featured_media":1402,"comment_status":"closed","ping_status":"open","sticky":false,"template":"","format":"standard","meta":{"footnotes":""},"categories":[10],"tags":[],"class_list":["post-1401","post","type-post","status-publish","format-standard","has-post-thumbnail","hentry","category-jenatschgarage-zuerich-city"],"yoast_head":"<!-- This site is optimized with the Yoast SEO plugin v27.2 - https:\/\/yoast.com\/product\/yoast-seo-wordpress\/ -->\n<title>Fahrzeugzubeh\u00f6r - Jenatschgarage Z\u00fcrich-City<\/title>\n<meta name=\"robots\" content=\"index, follow, max-snippet:-1, max-image-preview:large, max-video-preview:-1\" \/>\n<link rel=\"canonical\" href=\"https:\/\/jenatschgaragen.ch\/city\/blog\/2026\/02\/19\/fahrzeugzubehoer\/\" \/>\n<meta property=\"og:locale\" content=\"de_DE\" \/>\n<meta property=\"og:type\" content=\"article\" \/>\n<meta property=\"og:title\" content=\"Fahrzeugzubeh\u00f6r - Jenatschgarage Z\u00fcrich-City\" \/>\n<meta property=\"og:description\" content=\"Original Zubeh\u00f6r Vom hochwertigen Hifi- und Navigationssystem bis zum Kindersitz. Original Zubeh\u00f6r f\u00fcr das perfekte Fahrgef\u00fchl.\u00a0Setzen\u00a0Sie sich mit uns in Verbindung und Sie erhalten kompetente Beratung und Auskunft. Rufen Sie uns an oder schreiben Sie uns. Gerne vereinbaren wir mit Ihnen einen passenden Termin: Pers\u00f6nlich und nah bei Ihnen: info@jenatschgarage.chTel 044 202 88 86\" \/>\n<meta property=\"og:url\" content=\"https:\/\/jenatschgaragen.ch\/city\/blog\/2026\/02\/19\/fahrzeugzubehoer\/\" \/>\n<meta property=\"og:site_name\" content=\"Jenatschgarage Z\u00fcrich-City\" \/>\n<meta property=\"article:published_time\" content=\"2026-02-19T17:05:14+00:00\" \/>\n<meta property=\"article:modified_time\" content=\"2026-02-19T17:06:14+00:00\" \/>\n<meta property=\"og:image\" content=\"https:\/\/jenatschgaragen.ch\/city\/wp-content\/uploads\/sites\/3\/2026\/02\/immagini_JENATSCH_GAREGEN_05.jpg\" \/>\n\t<meta property=\"og:image:width\" content=\"1600\" \/>\n\t<meta property=\"og:image:height\" content=\"716\" \/>\n\t<meta property=\"og:image:type\" content=\"image\/jpeg\" \/>\n<meta name=\"author\" content=\"Esclama Lab\" \/>\n<meta name=\"twitter:card\" content=\"summary_large_image\" \/>\n<meta name=\"twitter:label1\" content=\"Geschrieben von\" \/>\n\t<meta name=\"twitter:data1\" content=\"Esclama Lab\" \/>\n\t<meta name=\"twitter:label2\" content=\"Gesch\u00e4tzte Lesezeit\" \/>\n\t<meta name=\"twitter:data2\" content=\"1\u00a0Minute\" \/>\n<script type=\"application\/ld+json\" class=\"yoast-schema-graph\">{\"@context\":\"https:\/\/schema.org\",\"@graph\":[{\"@type\":\"Article\",\"@id\":\"https:\/\/jenatschgaragen.ch\/city\/blog\/2026\/02\/19\/fahrzeugzubehoer\/#article\",\"isPartOf\":{\"@id\":\"https:\/\/jenatschgaragen.ch\/city\/blog\/2026\/02\/19\/fahrzeugzubehoer\/\"},\"author\":{\"name\":\"Esclama Lab\",\"@id\":\"https:\/\/jenatschgaragen.ch\/city\/#\/schema\/person\/3f0c42293c20f734b526373b913a0042\"},\"headline\":\"Fahrzeugzubeh\u00f6r\",\"datePublished\":\"2026-02-19T17:05:14+00:00\",\"dateModified\":\"2026-02-19T17:06:14+00:00\",\"mainEntityOfPage\":{\"@id\":\"https:\/\/jenatschgaragen.ch\/city\/blog\/2026\/02\/19\/fahrzeugzubehoer\/\"},\"wordCount\":61,\"publisher\":{\"@id\":\"https:\/\/jenatschgaragen.ch\/city\/#organization\"},\"image\":{\"@id\":\"https:\/\/jenatschgaragen.ch\/city\/blog\/2026\/02\/19\/fahrzeugzubehoer\/#primaryimage\"},\"thumbnailUrl\":\"https:\/\/jenatschgaragen.ch\/city\/wp-content\/uploads\/sites\/3\/2026\/02\/immagini_JENATSCH_GAREGEN_05.jpg\",\"articleSection\":[\"Jenatschgarage Z\u00fcrich-City\"],\"inLanguage\":\"de-CH\"},{\"@type\":\"WebPage\",\"@id\":\"https:\/\/jenatschgaragen.ch\/city\/blog\/2026\/02\/19\/fahrzeugzubehoer\/\",\"url\":\"https:\/\/jenatschgaragen.ch\/city\/blog\/2026\/02\/19\/fahrzeugzubehoer\/\",\"name\":\"Fahrzeugzubeh\u00f6r - Jenatschgarage Z\u00fcrich-City\",\"isPartOf\":{\"@id\":\"https:\/\/jenatschgaragen.ch\/city\/#website\"},\"primaryImageOfPage\":{\"@id\":\"https:\/\/jenatschgaragen.ch\/city\/blog\/2026\/02\/19\/fahrzeugzubehoer\/#primaryimage\"},\"image\":{\"@id\":\"https:\/\/jenatschgaragen.ch\/city\/blog\/2026\/02\/19\/fahrzeugzubehoer\/#primaryimage\"},\"thumbnailUrl\":\"https:\/\/jenatschgaragen.ch\/city\/wp-content\/uploads\/sites\/3\/2026\/02\/immagini_JENATSCH_GAREGEN_05.jpg\",\"datePublished\":\"2026-02-19T17:05:14+00:00\",\"dateModified\":\"2026-02-19T17:06:14+00:00\",\"breadcrumb\":{\"@id\":\"https:\/\/jenatschgaragen.ch\/city\/blog\/2026\/02\/19\/fahrzeugzubehoer\/#breadcrumb\"},\"inLanguage\":\"de-CH\",\"potentialAction\":[{\"@type\":\"ReadAction\",\"target\":[\"https:\/\/jenatschgaragen.ch\/city\/blog\/2026\/02\/19\/fahrzeugzubehoer\/\"]}]},{\"@type\":\"ImageObject\",\"inLanguage\":\"de-CH\",\"@id\":\"https:\/\/jenatschgaragen.ch\/city\/blog\/2026\/02\/19\/fahrzeugzubehoer\/#primaryimage\",\"url\":\"https:\/\/jenatschgaragen.ch\/city\/wp-content\/uploads\/sites\/3\/2026\/02\/immagini_JENATSCH_GAREGEN_05.jpg\",\"contentUrl\":\"https:\/\/jenatschgaragen.ch\/city\/wp-content\/uploads\/sites\/3\/2026\/02\/immagini_JENATSCH_GAREGEN_05.jpg\",\"width\":1600,\"height\":716},{\"@type\":\"BreadcrumbList\",\"@id\":\"https:\/\/jenatschgaragen.ch\/city\/blog\/2026\/02\/19\/fahrzeugzubehoer\/#breadcrumb\",\"itemListElement\":[{\"@type\":\"ListItem\",\"position\":1,\"name\":\"Home\",\"item\":\"https:\/\/jenatschgaragen.ch\/city\/\"},{\"@type\":\"ListItem\",\"position\":2,\"name\":\"Fahrzeugzubeh\u00f6r\"}]},{\"@type\":\"WebSite\",\"@id\":\"https:\/\/jenatschgaragen.ch\/city\/#website\",\"url\":\"https:\/\/jenatschgaragen.ch\/city\/\",\"name\":\"Jenatschgarage Z\u00fcrich-City\",\"description\":\"Ihre Mobilit\u00e4ts-Experten im Herzen von Z\u00fcrich\",\"publisher\":{\"@id\":\"https:\/\/jenatschgaragen.ch\/city\/#organization\"},\"potentialAction\":[{\"@type\":\"SearchAction\",\"target\":{\"@type\":\"EntryPoint\",\"urlTemplate\":\"https:\/\/jenatschgaragen.ch\/city\/?s={search_term_string}\"},\"query-input\":{\"@type\":\"PropertyValueSpecification\",\"valueRequired\":true,\"valueName\":\"search_term_string\"}}],\"inLanguage\":\"de-CH\"},{\"@type\":\"Organization\",\"@id\":\"https:\/\/jenatschgaragen.ch\/city\/#organization\",\"name\":\"Jenatschgarage Z\u00fcrich-City\",\"url\":\"https:\/\/jenatschgaragen.ch\/city\/\",\"logo\":{\"@type\":\"ImageObject\",\"inLanguage\":\"de-CH\",\"@id\":\"https:\/\/jenatschgaragen.ch\/city\/#\/schema\/logo\/image\/\",\"url\":\"https:\/\/jenatschgaragen.ch\/city\/wp-content\/uploads\/sites\/3\/2026\/01\/logo-Jenatschgarage-Zuerich-City.png\",\"contentUrl\":\"https:\/\/jenatschgaragen.ch\/city\/wp-content\/uploads\/sites\/3\/2026\/01\/logo-Jenatschgarage-Zuerich-City.png\",\"width\":530,\"height\":110,\"caption\":\"Jenatschgarage Z\u00fcrich-City\"},\"image\":{\"@id\":\"https:\/\/jenatschgaragen.ch\/city\/#\/schema\/logo\/image\/\"}},{\"@type\":\"Person\",\"@id\":\"https:\/\/jenatschgaragen.ch\/city\/#\/schema\/person\/3f0c42293c20f734b526373b913a0042\",\"name\":\"Esclama Lab\",\"image\":{\"@type\":\"ImageObject\",\"inLanguage\":\"de-CH\",\"@id\":\"https:\/\/secure.gravatar.com\/avatar\/ef82f862c47e468a3c2d3f3dfeedb4f223ade5dc11a5d398ef6ff186e3ba6be2?s=96&d=mm&r=g\",\"url\":\"https:\/\/secure.gravatar.com\/avatar\/ef82f862c47e468a3c2d3f3dfeedb4f223ade5dc11a5d398ef6ff186e3ba6be2?s=96&d=mm&r=g\",\"contentUrl\":\"https:\/\/secure.gravatar.com\/avatar\/ef82f862c47e468a3c2d3f3dfeedb4f223ade5dc11a5d398ef6ff186e3ba6be2?s=96&d=mm&r=g\",\"caption\":\"Esclama Lab\"},\"sameAs\":[\"https:\/\/jenatschgaragen.ch\"],\"url\":\"https:\/\/jenatschgaragen.ch\/city\/blog\/author\/esclama-lab\/\"}]}<\/script>\n<!-- \/ Yoast SEO plugin. -->","yoast_head_json":{"title":"Fahrzeugzubeh\u00f6r - Jenatschgarage Z\u00fcrich-City","robots":{"index":"index","follow":"follow","max-snippet":"max-snippet:-1","max-image-preview":"max-image-preview:large","max-video-preview":"max-video-preview:-1"},"canonical":"https:\/\/jenatschgaragen.ch\/city\/blog\/2026\/02\/19\/fahrzeugzubehoer\/","og_locale":"de_DE","og_type":"article","og_title":"Fahrzeugzubeh\u00f6r - Jenatschgarage Z\u00fcrich-City","og_description":"Original Zubeh\u00f6r Vom hochwertigen Hifi- und Navigationssystem bis zum Kindersitz. Original Zubeh\u00f6r f\u00fcr das perfekte Fahrgef\u00fchl.\u00a0Setzen\u00a0Sie sich mit uns in Verbindung und Sie erhalten kompetente Beratung und Auskunft. Rufen Sie uns an oder schreiben Sie uns. Gerne vereinbaren wir mit Ihnen einen passenden Termin: Pers\u00f6nlich und nah bei Ihnen: info@jenatschgarage.chTel 044 202 88 86","og_url":"https:\/\/jenatschgaragen.ch\/city\/blog\/2026\/02\/19\/fahrzeugzubehoer\/","og_site_name":"Jenatschgarage Z\u00fcrich-City","article_published_time":"2026-02-19T17:05:14+00:00","article_modified_time":"2026-02-19T17:06:14+00:00","og_image":[{"width":1600,"height":716,"url":"https:\/\/jenatschgaragen.ch\/city\/wp-content\/uploads\/sites\/3\/2026\/02\/immagini_JENATSCH_GAREGEN_05.jpg","type":"image\/jpeg"}],"author":"Esclama Lab","twitter_card":"summary_large_image","twitter_misc":{"Geschrieben von":"Esclama Lab","Gesch\u00e4tzte Lesezeit":"1\u00a0Minute"},"schema":{"@context":"https:\/\/schema.org","@graph":[{"@type":"Article","@id":"https:\/\/jenatschgaragen.ch\/city\/blog\/2026\/02\/19\/fahrzeugzubehoer\/#article","isPartOf":{"@id":"https:\/\/jenatschgaragen.ch\/city\/blog\/2026\/02\/19\/fahrzeugzubehoer\/"},"author":{"name":"Esclama Lab","@id":"https:\/\/jenatschgaragen.ch\/city\/#\/schema\/person\/3f0c42293c20f734b526373b913a0042"},"headline":"Fahrzeugzubeh\u00f6r","datePublished":"2026-02-19T17:05:14+00:00","dateModified":"2026-02-19T17:06:14+00:00","mainEntityOfPage":{"@id":"https:\/\/jenatschgaragen.ch\/city\/blog\/2026\/02\/19\/fahrzeugzubehoer\/"},"wordCount":61,"publisher":{"@id":"https:\/\/jenatschgaragen.ch\/city\/#organization"},"image":{"@id":"https:\/\/jenatschgaragen.ch\/city\/blog\/2026\/02\/19\/fahrzeugzubehoer\/#primaryimage"},"thumbnailUrl":"https:\/\/jenatschgaragen.ch\/city\/wp-content\/uploads\/sites\/3\/2026\/02\/immagini_JENATSCH_GAREGEN_05.jpg","articleSection":["Jenatschgarage Z\u00fcrich-City"],"inLanguage":"de-CH"},{"@type":"WebPage","@id":"https:\/\/jenatschgaragen.ch\/city\/blog\/2026\/02\/19\/fahrzeugzubehoer\/","url":"https:\/\/jenatschgaragen.ch\/city\/blog\/2026\/02\/19\/fahrzeugzubehoer\/","name":"Fahrzeugzubeh\u00f6r - Jenatschgarage Z\u00fcrich-City","isPartOf":{"@id":"https:\/\/jenatschgaragen.ch\/city\/#website"},"primaryImageOfPage":{"@id":"https:\/\/jenatschgaragen.ch\/city\/blog\/2026\/02\/19\/fahrzeugzubehoer\/#primaryimage"},"image":{"@id":"https:\/\/jenatschgaragen.ch\/city\/blog\/2026\/02\/19\/fahrzeugzubehoer\/#primaryimage"},"thumbnailUrl":"https:\/\/jenatschgaragen.ch\/city\/wp-content\/uploads\/sites\/3\/2026\/02\/immagini_JENATSCH_GAREGEN_05.jpg","datePublished":"2026-02-19T17:05:14+00:00","dateModified":"2026-02-19T17:06:14+00:00","breadcrumb":{"@id":"https:\/\/jenatschgaragen.ch\/city\/blog\/2026\/02\/19\/fahrzeugzubehoer\/#breadcrumb"},"inLanguage":"de-CH","potentialAction":[{"@type":"ReadAction","target":["https:\/\/jenatschgaragen.ch\/city\/blog\/2026\/02\/19\/fahrzeugzubehoer\/"]}]},{"@type":"ImageObject","inLanguage":"de-CH","@id":"https:\/\/jenatschgaragen.ch\/city\/blog\/2026\/02\/19\/fahrzeugzubehoer\/#primaryimage","url":"https:\/\/jenatschgaragen.ch\/city\/wp-content\/uploads\/sites\/3\/2026\/02\/immagini_JENATSCH_GAREGEN_05.jpg","contentUrl":"https:\/\/jenatschgaragen.ch\/city\/wp-content\/uploads\/sites\/3\/2026\/02\/immagini_JENATSCH_GAREGEN_05.jpg","width":1600,"height":716},{"@type":"BreadcrumbList","@id":"https:\/\/jenatschgaragen.ch\/city\/blog\/2026\/02\/19\/fahrzeugzubehoer\/#breadcrumb","itemListElement":[{"@type":"ListItem","position":1,"name":"Home","item":"https:\/\/jenatschgaragen.ch\/city\/"},{"@type":"ListItem","position":2,"name":"Fahrzeugzubeh\u00f6r"}]},{"@type":"WebSite","@id":"https:\/\/jenatschgaragen.ch\/city\/#website","url":"https:\/\/jenatschgaragen.ch\/city\/","name":"Jenatschgarage Z\u00fcrich-City","description":"Ihre Mobilit\u00e4ts-Experten im Herzen von Z\u00fcrich","publisher":{"@id":"https:\/\/jenatschgaragen.ch\/city\/#organization"},"potentialAction":[{"@type":"SearchAction","target":{"@type":"EntryPoint","urlTemplate":"https:\/\/jenatschgaragen.ch\/city\/?s={search_term_string}"},"query-input":{"@type":"PropertyValueSpecification","valueRequired":true,"valueName":"search_term_string"}}],"inLanguage":"de-CH"},{"@type":"Organization","@id":"https:\/\/jenatschgaragen.ch\/city\/#organization","name":"Jenatschgarage Z\u00fcrich-City","url":"https:\/\/jenatschgaragen.ch\/city\/","logo":{"@type":"ImageObject","inLanguage":"de-CH","@id":"https:\/\/jenatschgaragen.ch\/city\/#\/schema\/logo\/image\/","url":"https:\/\/jenatschgaragen.ch\/city\/wp-content\/uploads\/sites\/3\/2026\/01\/logo-Jenatschgarage-Zuerich-City.png","contentUrl":"https:\/\/jenatschgaragen.ch\/city\/wp-content\/uploads\/sites\/3\/2026\/01\/logo-Jenatschgarage-Zuerich-City.png","width":530,"height":110,"caption":"Jenatschgarage Z\u00fcrich-City"},"image":{"@id":"https:\/\/jenatschgaragen.ch\/city\/#\/schema\/logo\/image\/"}},{"@type":"Person","@id":"https:\/\/jenatschgaragen.ch\/city\/#\/schema\/person\/3f0c42293c20f734b526373b913a0042","name":"Esclama Lab","image":{"@type":"ImageObject","inLanguage":"de-CH","@id":"https:\/\/secure.gravatar.com\/avatar\/ef82f862c47e468a3c2d3f3dfeedb4f223ade5dc11a5d398ef6ff186e3ba6be2?s=96&d=mm&r=g","url":"https:\/\/secure.gravatar.com\/avatar\/ef82f862c47e468a3c2d3f3dfeedb4f223ade5dc11a5d398ef6ff186e3ba6be2?s=96&d=mm&r=g","contentUrl":"https:\/\/secure.gravatar.com\/avatar\/ef82f862c47e468a3c2d3f3dfeedb4f223ade5dc11a5d398ef6ff186e3ba6be2?s=96&d=mm&r=g","caption":"Esclama Lab"},"sameAs":["https:\/\/jenatschgaragen.ch"],"url":"https:\/\/jenatschgaragen.ch\/city\/blog\/author\/esclama-lab\/"}]}},"_links":{"self":[{"href":"https:\/\/jenatschgaragen.ch\/city\/wp-json\/wp\/v2\/posts\/1401","targetHints":{"allow":["GET"]}}],"collection":[{"href":"https:\/\/jenatschgaragen.ch\/city\/wp-json\/wp\/v2\/posts"}],"about":[{"href":"https:\/\/jenatschgaragen.ch\/city\/wp-json\/wp\/v2\/types\/post"}],"author":[{"embeddable":true,"href":"https:\/\/jenatschgaragen.ch\/city\/wp-json\/wp\/v2\/users\/1"}],"replies":[{"embeddable":true,"href":"https:\/\/jenatschgaragen.ch\/city\/wp-json\/wp\/v2\/comments?post=1401"}],"version-history":[{"count":4,"href":"https:\/\/jenatschgaragen.ch\/city\/wp-json\/wp\/v2\/posts\/1401\/revisions"}],"predecessor-version":[{"id":1406,"href":"https:\/\/jenatschgaragen.ch\/city\/wp-json\/wp\/v2\/posts\/1401\/revisions\/1406"}],"wp:featuredmedia":[{"embeddable":true,"href":"https:\/\/jenatschgaragen.ch\/city\/wp-json\/wp\/v2\/media\/1402"}],"wp:attachment":[{"href":"https:\/\/jenatschgaragen.ch\/city\/wp-json\/wp\/v2\/media?parent=1401"}],"wp:term":[{"taxonomy":"category","embeddable":true,"href":"https:\/\/jenatschgaragen.ch\/city\/wp-json\/wp\/v2\/categories?post=1401"},{"taxonomy":"post_tag","embeddable":true,"href":"https:\/\/jenatschgaragen.ch\/city\/wp-json\/wp\/v2\/tags?post=1401"}],"curies":[{"name":"wp","href":"https:\/\/api.w.org\/{rel}","templated":true}]}}