{"id":1396,"date":"2026-02-19T18:02:52","date_gmt":"2026-02-19T17:02:52","guid":{"rendered":"https:\/\/effecto-marketing.ch\/jenatsch\/garage-zuerich-city\/?p=1396"},"modified":"2026-02-19T18:04:17","modified_gmt":"2026-02-19T17:04:17","slug":"klima-service","status":"publish","type":"post","link":"https:\/\/jenatschgaragen.ch\/city\/blog\/2026\/02\/19\/klima-service\/","title":{"rendered":"Klima-Service"},"content":{"rendered":"\t\t<div data-elementor-type=\"wp-post\" data-elementor-id=\"1396\" class=\"elementor elementor-1396\" data-elementor-post-type=\"post\">\n\t\t\t\t<div class=\"elementor-element elementor-element-35ce906e e-flex e-con-boxed e-con e-parent\" data-id=\"35ce906e\" data-element_type=\"container\" data-e-type=\"container\">\n\t\t\t\t\t<div class=\"e-con-inner\">\n\t\t\t\t<div class=\"elementor-element elementor-element-465fd6e6 elementor-widget elementor-widget-text-editor\" data-id=\"465fd6e6\" data-element_type=\"widget\" data-e-type=\"widget\" data-widget_type=\"text-editor.default\">\n\t\t\t\t\t\t\t\t\t\n<div class=\"col-lg-10 p-0\">\n<div class=\"productTitleWrapper\">\n<h2>Frisches Klima.<\/h2>\n<\/div>\n<\/div>\n<div class=\"col-lg-8 p-0\">\n<p>Mit unserem Klima-Service sorgen wir f\u00fcr angenehme Temperaturen und frische Luft bei jedem Wetter. Melden Sie sich jetzt f\u00fcr den Klima-Service an und geniessen Sie frische und saubere Luft w\u00e4hrend der Fahrt.<\/p>\n<p><strong>Klima-Service<\/strong><\/p>\n<ul>\n<li>Funktionskontrolle der Klimaanlage<\/li>\n<li>Desinfektion der Klimaanlage<\/li>\n<li>Pollen-\/Allergenfilter pr\u00fcfen und evtl. ersetzen (Filterersatz nicht eingeschlossen)<\/li>\n<\/ul>\n<div class=\"klima-price\"><strong>CHF 98.\u2013*<\/strong><\/div>\n<p><br \/><strong>Klima-Service \u00abplus\u00bb<\/strong><\/p>\n<ul>\n<li>Klima-Service eingeschlossen<\/li>\n<li>Druckkontrolle im K\u00e4ltemittelkreislauf<\/li>\n<li>K\u00e4ltemittel evakuieren und reinigen<\/li>\n<li>K\u00e4ltemittel evtl. nachf\u00fcllen<\/li>\n<li>Leistungstest<\/li>\n<\/ul>\n<div class=\"klima-price\"><strong>CHF 195.\u2013*<\/strong><\/div>\n<p><br \/><small>* inkl. Reinigungsmittel und exkl. K\u00e4ltemittel.<\/small><br \/><br \/><strong>Allergenfilter<\/strong><br \/>Der Allergenfilter hat eine antibakterielle und antivirale Wirkung.<\/p>\n<\/div>\n\t\t\t\t\t\t\t\t<\/div>\n\t\t\t\t\t<\/div>\n\t\t\t\t<\/div>\n\t\t<div class=\"elementor-element elementor-element-7c9b48b e-flex e-con-boxed e-con e-parent\" data-id=\"7c9b48b\" data-element_type=\"container\" data-e-type=\"container\">\n\t\t\t\t\t<div class=\"e-con-inner\">\n\t\t\t\t<div class=\"elementor-element elementor-element-177be5b elementor-widget elementor-widget-image\" data-id=\"177be5b\" data-element_type=\"widget\" data-e-type=\"widget\" data-widget_type=\"image.default\">\n\t\t\t\t\t\t\t\t\t\t\t\t\t\t\t<img fetchpriority=\"high\" decoding=\"async\" width=\"800\" height=\"450\" src=\"https:\/\/jenatschgaragen.ch\/city\/wp-content\/uploads\/sites\/3\/2026\/01\/Service_DL_VW_Subsite_Klima-Service_dfi-1024x576.jpg\" class=\"attachment-large size-large wp-image-1383\" alt=\"\" srcset=\"https:\/\/jenatschgaragen.ch\/city\/wp-content\/uploads\/sites\/3\/2026\/01\/Service_DL_VW_Subsite_Klima-Service_dfi-1024x576.jpg 1024w, https:\/\/jenatschgaragen.ch\/city\/wp-content\/uploads\/sites\/3\/2026\/01\/Service_DL_VW_Subsite_Klima-Service_dfi-300x169.jpg 300w, https:\/\/jenatschgaragen.ch\/city\/wp-content\/uploads\/sites\/3\/2026\/01\/Service_DL_VW_Subsite_Klima-Service_dfi-768x432.jpg 768w, https:\/\/jenatschgaragen.ch\/city\/wp-content\/uploads\/sites\/3\/2026\/01\/Service_DL_VW_Subsite_Klima-Service_dfi.jpg 1080w\" sizes=\"(max-width: 800px) 100vw, 800px\" \/>\t\t\t\t\t\t\t\t\t\t\t\t\t\t\t<\/div>\n\t\t\t\t\t<\/div>\n\t\t\t\t<\/div>\n\t\t<div class=\"elementor-element elementor-element-91e127d e-flex e-con-boxed e-con e-parent\" data-id=\"91e127d\" data-element_type=\"container\" data-e-type=\"container\">\n\t\t\t\t\t<div class=\"e-con-inner\">\n\t\t\t\t<div class=\"elementor-element elementor-element-5ef37d7 elementor-widget elementor-widget-text-editor\" data-id=\"5ef37d7\" data-element_type=\"widget\" data-e-type=\"widget\" data-widget_type=\"text-editor.default\">\n\t\t\t\t\t\t\t\t\t\n<p>Rufen Sie uns an oder schreiben Sie uns. Gerne vereinbaren wir mit Ihnen einen passenden Termin:<\/p>\n<div class=\"elementor-element elementor-element-3e9e80e elementor-widget elementor-widget-heading\" data-id=\"3e9e80e\" data-element_type=\"widget\" data-e-type=\"widget\" data-widget_type=\"heading.default\">\n<p class=\"elementor-heading-title elementor-size-default\">Pers\u00f6nlich und nah bei Ihnen:<\/p>\n<p>info@jenatschgarage.ch<br \/>Tel 044 202 88 86<\/p>\n<\/div>\n\t\t\t\t\t\t\t\t<\/div>\n\t\t\t\t\t<\/div>\n\t\t\t\t<\/div>\n\t\t\t\t<\/div>\n\t\t","protected":false},"excerpt":{"rendered":"<p>Frisches Klima. Mit unserem Klima-Service sorgen wir f\u00fcr angenehme Temperaturen und frische Luft bei jedem Wetter. Melden Sie sich jetzt f\u00fcr den Klima-Service an und geniessen Sie frische und saubere Luft w\u00e4hrend der Fahrt. Klima-Service Funktionskontrolle der Klimaanlage Desinfektion der Klimaanlage Pollen-\/Allergenfilter pr\u00fcfen und evtl. ersetzen (Filterersatz nicht eingeschlossen) CHF 98.\u2013* Klima-Service \u00abplus\u00bb Klima-Service eingeschlossen [&hellip;]<\/p>\n","protected":false},"author":1,"featured_media":1384,"comment_status":"closed","ping_status":"open","sticky":false,"template":"","format":"standard","meta":{"footnotes":""},"categories":[10],"tags":[],"class_list":["post-1396","post","type-post","status-publish","format-standard","has-post-thumbnail","hentry","category-jenatschgarage-zuerich-city"],"yoast_head":"<!-- This site is optimized with the Yoast SEO plugin v27.2 - https:\/\/yoast.com\/product\/yoast-seo-wordpress\/ -->\n<title>Klima-Service - Jenatschgarage Z\u00fcrich-City<\/title>\n<meta name=\"robots\" content=\"index, follow, max-snippet:-1, max-image-preview:large, max-video-preview:-1\" \/>\n<link rel=\"canonical\" href=\"https:\/\/jenatschgaragen.ch\/city\/blog\/2026\/02\/19\/klima-service\/\" \/>\n<meta property=\"og:locale\" content=\"de_DE\" \/>\n<meta property=\"og:type\" content=\"article\" \/>\n<meta property=\"og:title\" content=\"Klima-Service - Jenatschgarage Z\u00fcrich-City\" \/>\n<meta property=\"og:description\" content=\"Frisches Klima. Mit unserem Klima-Service sorgen wir f\u00fcr angenehme Temperaturen und frische Luft bei jedem Wetter. Melden Sie sich jetzt f\u00fcr den Klima-Service an und geniessen Sie frische und saubere Luft w\u00e4hrend der Fahrt. Klima-Service Funktionskontrolle der Klimaanlage Desinfektion der Klimaanlage Pollen-\/Allergenfilter pr\u00fcfen und evtl. ersetzen (Filterersatz nicht eingeschlossen) CHF 98.\u2013* Klima-Service \u00abplus\u00bb Klima-Service eingeschlossen [&hellip;]\" \/>\n<meta property=\"og:url\" content=\"https:\/\/jenatschgaragen.ch\/city\/blog\/2026\/02\/19\/klima-service\/\" \/>\n<meta property=\"og:site_name\" content=\"Jenatschgarage Z\u00fcrich-City\" \/>\n<meta property=\"article:published_time\" content=\"2026-02-19T17:02:52+00:00\" \/>\n<meta property=\"article:modified_time\" content=\"2026-02-19T17:04:17+00:00\" \/>\n<meta property=\"og:image\" content=\"https:\/\/jenatschgaragen.ch\/city\/wp-content\/uploads\/sites\/3\/2026\/01\/Service_DL_VW_Subsite_Klima-Service_Header_dfi.jpg\" \/>\n\t<meta property=\"og:image:width\" content=\"1920\" \/>\n\t<meta property=\"og:image:height\" content=\"628\" \/>\n\t<meta property=\"og:image:type\" content=\"image\/jpeg\" \/>\n<meta name=\"author\" content=\"Esclama Lab\" \/>\n<meta name=\"twitter:card\" content=\"summary_large_image\" \/>\n<meta name=\"twitter:label1\" content=\"Geschrieben von\" \/>\n\t<meta name=\"twitter:data1\" content=\"Esclama Lab\" \/>\n\t<meta name=\"twitter:label2\" content=\"Gesch\u00e4tzte Lesezeit\" \/>\n\t<meta name=\"twitter:data2\" content=\"1\u00a0Minute\" \/>\n<script type=\"application\/ld+json\" class=\"yoast-schema-graph\">{\"@context\":\"https:\/\/schema.org\",\"@graph\":[{\"@type\":\"Article\",\"@id\":\"https:\/\/jenatschgaragen.ch\/city\/blog\/2026\/02\/19\/klima-service\/#article\",\"isPartOf\":{\"@id\":\"https:\/\/jenatschgaragen.ch\/city\/blog\/2026\/02\/19\/klima-service\/\"},\"author\":{\"name\":\"Esclama Lab\",\"@id\":\"https:\/\/jenatschgaragen.ch\/city\/#\/schema\/person\/3f0c42293c20f734b526373b913a0042\"},\"headline\":\"Klima-Service\",\"datePublished\":\"2026-02-19T17:02:52+00:00\",\"dateModified\":\"2026-02-19T17:04:17+00:00\",\"mainEntityOfPage\":{\"@id\":\"https:\/\/jenatschgaragen.ch\/city\/blog\/2026\/02\/19\/klima-service\/\"},\"wordCount\":116,\"publisher\":{\"@id\":\"https:\/\/jenatschgaragen.ch\/city\/#organization\"},\"image\":{\"@id\":\"https:\/\/jenatschgaragen.ch\/city\/blog\/2026\/02\/19\/klima-service\/#primaryimage\"},\"thumbnailUrl\":\"https:\/\/jenatschgaragen.ch\/city\/wp-content\/uploads\/sites\/3\/2026\/01\/Service_DL_VW_Subsite_Klima-Service_Header_dfi.jpg\",\"articleSection\":[\"Jenatschgarage Z\u00fcrich-City\"],\"inLanguage\":\"de-CH\"},{\"@type\":\"WebPage\",\"@id\":\"https:\/\/jenatschgaragen.ch\/city\/blog\/2026\/02\/19\/klima-service\/\",\"url\":\"https:\/\/jenatschgaragen.ch\/city\/blog\/2026\/02\/19\/klima-service\/\",\"name\":\"Klima-Service - Jenatschgarage Z\u00fcrich-City\",\"isPartOf\":{\"@id\":\"https:\/\/jenatschgaragen.ch\/city\/#website\"},\"primaryImageOfPage\":{\"@id\":\"https:\/\/jenatschgaragen.ch\/city\/blog\/2026\/02\/19\/klima-service\/#primaryimage\"},\"image\":{\"@id\":\"https:\/\/jenatschgaragen.ch\/city\/blog\/2026\/02\/19\/klima-service\/#primaryimage\"},\"thumbnailUrl\":\"https:\/\/jenatschgaragen.ch\/city\/wp-content\/uploads\/sites\/3\/2026\/01\/Service_DL_VW_Subsite_Klima-Service_Header_dfi.jpg\",\"datePublished\":\"2026-02-19T17:02:52+00:00\",\"dateModified\":\"2026-02-19T17:04:17+00:00\",\"breadcrumb\":{\"@id\":\"https:\/\/jenatschgaragen.ch\/city\/blog\/2026\/02\/19\/klima-service\/#breadcrumb\"},\"inLanguage\":\"de-CH\",\"potentialAction\":[{\"@type\":\"ReadAction\",\"target\":[\"https:\/\/jenatschgaragen.ch\/city\/blog\/2026\/02\/19\/klima-service\/\"]}]},{\"@type\":\"ImageObject\",\"inLanguage\":\"de-CH\",\"@id\":\"https:\/\/jenatschgaragen.ch\/city\/blog\/2026\/02\/19\/klima-service\/#primaryimage\",\"url\":\"https:\/\/jenatschgaragen.ch\/city\/wp-content\/uploads\/sites\/3\/2026\/01\/Service_DL_VW_Subsite_Klima-Service_Header_dfi.jpg\",\"contentUrl\":\"https:\/\/jenatschgaragen.ch\/city\/wp-content\/uploads\/sites\/3\/2026\/01\/Service_DL_VW_Subsite_Klima-Service_Header_dfi.jpg\",\"width\":1920,\"height\":628},{\"@type\":\"BreadcrumbList\",\"@id\":\"https:\/\/jenatschgaragen.ch\/city\/blog\/2026\/02\/19\/klima-service\/#breadcrumb\",\"itemListElement\":[{\"@type\":\"ListItem\",\"position\":1,\"name\":\"Home\",\"item\":\"https:\/\/jenatschgaragen.ch\/city\/\"},{\"@type\":\"ListItem\",\"position\":2,\"name\":\"Klima-Service\"}]},{\"@type\":\"WebSite\",\"@id\":\"https:\/\/jenatschgaragen.ch\/city\/#website\",\"url\":\"https:\/\/jenatschgaragen.ch\/city\/\",\"name\":\"Jenatschgarage Z\u00fcrich-City\",\"description\":\"Ihre Mobilit\u00e4ts-Experten im Herzen von Z\u00fcrich\",\"publisher\":{\"@id\":\"https:\/\/jenatschgaragen.ch\/city\/#organization\"},\"potentialAction\":[{\"@type\":\"SearchAction\",\"target\":{\"@type\":\"EntryPoint\",\"urlTemplate\":\"https:\/\/jenatschgaragen.ch\/city\/?s={search_term_string}\"},\"query-input\":{\"@type\":\"PropertyValueSpecification\",\"valueRequired\":true,\"valueName\":\"search_term_string\"}}],\"inLanguage\":\"de-CH\"},{\"@type\":\"Organization\",\"@id\":\"https:\/\/jenatschgaragen.ch\/city\/#organization\",\"name\":\"Jenatschgarage Z\u00fcrich-City\",\"url\":\"https:\/\/jenatschgaragen.ch\/city\/\",\"logo\":{\"@type\":\"ImageObject\",\"inLanguage\":\"de-CH\",\"@id\":\"https:\/\/jenatschgaragen.ch\/city\/#\/schema\/logo\/image\/\",\"url\":\"https:\/\/jenatschgaragen.ch\/city\/wp-content\/uploads\/sites\/3\/2026\/01\/logo-Jenatschgarage-Zuerich-City.png\",\"contentUrl\":\"https:\/\/jenatschgaragen.ch\/city\/wp-content\/uploads\/sites\/3\/2026\/01\/logo-Jenatschgarage-Zuerich-City.png\",\"width\":530,\"height\":110,\"caption\":\"Jenatschgarage Z\u00fcrich-City\"},\"image\":{\"@id\":\"https:\/\/jenatschgaragen.ch\/city\/#\/schema\/logo\/image\/\"}},{\"@type\":\"Person\",\"@id\":\"https:\/\/jenatschgaragen.ch\/city\/#\/schema\/person\/3f0c42293c20f734b526373b913a0042\",\"name\":\"Esclama Lab\",\"image\":{\"@type\":\"ImageObject\",\"inLanguage\":\"de-CH\",\"@id\":\"https:\/\/secure.gravatar.com\/avatar\/ef82f862c47e468a3c2d3f3dfeedb4f223ade5dc11a5d398ef6ff186e3ba6be2?s=96&d=mm&r=g\",\"url\":\"https:\/\/secure.gravatar.com\/avatar\/ef82f862c47e468a3c2d3f3dfeedb4f223ade5dc11a5d398ef6ff186e3ba6be2?s=96&d=mm&r=g\",\"contentUrl\":\"https:\/\/secure.gravatar.com\/avatar\/ef82f862c47e468a3c2d3f3dfeedb4f223ade5dc11a5d398ef6ff186e3ba6be2?s=96&d=mm&r=g\",\"caption\":\"Esclama Lab\"},\"sameAs\":[\"https:\/\/jenatschgaragen.ch\"],\"url\":\"https:\/\/jenatschgaragen.ch\/city\/blog\/author\/esclama-lab\/\"}]}<\/script>\n<!-- \/ Yoast SEO plugin. -->","yoast_head_json":{"title":"Klima-Service - Jenatschgarage Z\u00fcrich-City","robots":{"index":"index","follow":"follow","max-snippet":"max-snippet:-1","max-image-preview":"max-image-preview:large","max-video-preview":"max-video-preview:-1"},"canonical":"https:\/\/jenatschgaragen.ch\/city\/blog\/2026\/02\/19\/klima-service\/","og_locale":"de_DE","og_type":"article","og_title":"Klima-Service - Jenatschgarage Z\u00fcrich-City","og_description":"Frisches Klima. Mit unserem Klima-Service sorgen wir f\u00fcr angenehme Temperaturen und frische Luft bei jedem Wetter. Melden Sie sich jetzt f\u00fcr den Klima-Service an und geniessen Sie frische und saubere Luft w\u00e4hrend der Fahrt. Klima-Service Funktionskontrolle der Klimaanlage Desinfektion der Klimaanlage Pollen-\/Allergenfilter pr\u00fcfen und evtl. ersetzen (Filterersatz nicht eingeschlossen) CHF 98.\u2013* Klima-Service \u00abplus\u00bb Klima-Service eingeschlossen [&hellip;]","og_url":"https:\/\/jenatschgaragen.ch\/city\/blog\/2026\/02\/19\/klima-service\/","og_site_name":"Jenatschgarage Z\u00fcrich-City","article_published_time":"2026-02-19T17:02:52+00:00","article_modified_time":"2026-02-19T17:04:17+00:00","og_image":[{"width":1920,"height":628,"url":"https:\/\/jenatschgaragen.ch\/city\/wp-content\/uploads\/sites\/3\/2026\/01\/Service_DL_VW_Subsite_Klima-Service_Header_dfi.jpg","type":"image\/jpeg"}],"author":"Esclama Lab","twitter_card":"summary_large_image","twitter_misc":{"Geschrieben von":"Esclama Lab","Gesch\u00e4tzte Lesezeit":"1\u00a0Minute"},"schema":{"@context":"https:\/\/schema.org","@graph":[{"@type":"Article","@id":"https:\/\/jenatschgaragen.ch\/city\/blog\/2026\/02\/19\/klima-service\/#article","isPartOf":{"@id":"https:\/\/jenatschgaragen.ch\/city\/blog\/2026\/02\/19\/klima-service\/"},"author":{"name":"Esclama Lab","@id":"https:\/\/jenatschgaragen.ch\/city\/#\/schema\/person\/3f0c42293c20f734b526373b913a0042"},"headline":"Klima-Service","datePublished":"2026-02-19T17:02:52+00:00","dateModified":"2026-02-19T17:04:17+00:00","mainEntityOfPage":{"@id":"https:\/\/jenatschgaragen.ch\/city\/blog\/2026\/02\/19\/klima-service\/"},"wordCount":116,"publisher":{"@id":"https:\/\/jenatschgaragen.ch\/city\/#organization"},"image":{"@id":"https:\/\/jenatschgaragen.ch\/city\/blog\/2026\/02\/19\/klima-service\/#primaryimage"},"thumbnailUrl":"https:\/\/jenatschgaragen.ch\/city\/wp-content\/uploads\/sites\/3\/2026\/01\/Service_DL_VW_Subsite_Klima-Service_Header_dfi.jpg","articleSection":["Jenatschgarage Z\u00fcrich-City"],"inLanguage":"de-CH"},{"@type":"WebPage","@id":"https:\/\/jenatschgaragen.ch\/city\/blog\/2026\/02\/19\/klima-service\/","url":"https:\/\/jenatschgaragen.ch\/city\/blog\/2026\/02\/19\/klima-service\/","name":"Klima-Service - Jenatschgarage Z\u00fcrich-City","isPartOf":{"@id":"https:\/\/jenatschgaragen.ch\/city\/#website"},"primaryImageOfPage":{"@id":"https:\/\/jenatschgaragen.ch\/city\/blog\/2026\/02\/19\/klima-service\/#primaryimage"},"image":{"@id":"https:\/\/jenatschgaragen.ch\/city\/blog\/2026\/02\/19\/klima-service\/#primaryimage"},"thumbnailUrl":"https:\/\/jenatschgaragen.ch\/city\/wp-content\/uploads\/sites\/3\/2026\/01\/Service_DL_VW_Subsite_Klima-Service_Header_dfi.jpg","datePublished":"2026-02-19T17:02:52+00:00","dateModified":"2026-02-19T17:04:17+00:00","breadcrumb":{"@id":"https:\/\/jenatschgaragen.ch\/city\/blog\/2026\/02\/19\/klima-service\/#breadcrumb"},"inLanguage":"de-CH","potentialAction":[{"@type":"ReadAction","target":["https:\/\/jenatschgaragen.ch\/city\/blog\/2026\/02\/19\/klima-service\/"]}]},{"@type":"ImageObject","inLanguage":"de-CH","@id":"https:\/\/jenatschgaragen.ch\/city\/blog\/2026\/02\/19\/klima-service\/#primaryimage","url":"https:\/\/jenatschgaragen.ch\/city\/wp-content\/uploads\/sites\/3\/2026\/01\/Service_DL_VW_Subsite_Klima-Service_Header_dfi.jpg","contentUrl":"https:\/\/jenatschgaragen.ch\/city\/wp-content\/uploads\/sites\/3\/2026\/01\/Service_DL_VW_Subsite_Klima-Service_Header_dfi.jpg","width":1920,"height":628},{"@type":"BreadcrumbList","@id":"https:\/\/jenatschgaragen.ch\/city\/blog\/2026\/02\/19\/klima-service\/#breadcrumb","itemListElement":[{"@type":"ListItem","position":1,"name":"Home","item":"https:\/\/jenatschgaragen.ch\/city\/"},{"@type":"ListItem","position":2,"name":"Klima-Service"}]},{"@type":"WebSite","@id":"https:\/\/jenatschgaragen.ch\/city\/#website","url":"https:\/\/jenatschgaragen.ch\/city\/","name":"Jenatschgarage Z\u00fcrich-City","description":"Ihre Mobilit\u00e4ts-Experten im Herzen von Z\u00fcrich","publisher":{"@id":"https:\/\/jenatschgaragen.ch\/city\/#organization"},"potentialAction":[{"@type":"SearchAction","target":{"@type":"EntryPoint","urlTemplate":"https:\/\/jenatschgaragen.ch\/city\/?s={search_term_string}"},"query-input":{"@type":"PropertyValueSpecification","valueRequired":true,"valueName":"search_term_string"}}],"inLanguage":"de-CH"},{"@type":"Organization","@id":"https:\/\/jenatschgaragen.ch\/city\/#organization","name":"Jenatschgarage Z\u00fcrich-City","url":"https:\/\/jenatschgaragen.ch\/city\/","logo":{"@type":"ImageObject","inLanguage":"de-CH","@id":"https:\/\/jenatschgaragen.ch\/city\/#\/schema\/logo\/image\/","url":"https:\/\/jenatschgaragen.ch\/city\/wp-content\/uploads\/sites\/3\/2026\/01\/logo-Jenatschgarage-Zuerich-City.png","contentUrl":"https:\/\/jenatschgaragen.ch\/city\/wp-content\/uploads\/sites\/3\/2026\/01\/logo-Jenatschgarage-Zuerich-City.png","width":530,"height":110,"caption":"Jenatschgarage Z\u00fcrich-City"},"image":{"@id":"https:\/\/jenatschgaragen.ch\/city\/#\/schema\/logo\/image\/"}},{"@type":"Person","@id":"https:\/\/jenatschgaragen.ch\/city\/#\/schema\/person\/3f0c42293c20f734b526373b913a0042","name":"Esclama Lab","image":{"@type":"ImageObject","inLanguage":"de-CH","@id":"https:\/\/secure.gravatar.com\/avatar\/ef82f862c47e468a3c2d3f3dfeedb4f223ade5dc11a5d398ef6ff186e3ba6be2?s=96&d=mm&r=g","url":"https:\/\/secure.gravatar.com\/avatar\/ef82f862c47e468a3c2d3f3dfeedb4f223ade5dc11a5d398ef6ff186e3ba6be2?s=96&d=mm&r=g","contentUrl":"https:\/\/secure.gravatar.com\/avatar\/ef82f862c47e468a3c2d3f3dfeedb4f223ade5dc11a5d398ef6ff186e3ba6be2?s=96&d=mm&r=g","caption":"Esclama Lab"},"sameAs":["https:\/\/jenatschgaragen.ch"],"url":"https:\/\/jenatschgaragen.ch\/city\/blog\/author\/esclama-lab\/"}]}},"_links":{"self":[{"href":"https:\/\/jenatschgaragen.ch\/city\/wp-json\/wp\/v2\/posts\/1396","targetHints":{"allow":["GET"]}}],"collection":[{"href":"https:\/\/jenatschgaragen.ch\/city\/wp-json\/wp\/v2\/posts"}],"about":[{"href":"https:\/\/jenatschgaragen.ch\/city\/wp-json\/wp\/v2\/types\/post"}],"author":[{"embeddable":true,"href":"https:\/\/jenatschgaragen.ch\/city\/wp-json\/wp\/v2\/users\/1"}],"replies":[{"embeddable":true,"href":"https:\/\/jenatschgaragen.ch\/city\/wp-json\/wp\/v2\/comments?post=1396"}],"version-history":[{"count":4,"href":"https:\/\/jenatschgaragen.ch\/city\/wp-json\/wp\/v2\/posts\/1396\/revisions"}],"predecessor-version":[{"id":1400,"href":"https:\/\/jenatschgaragen.ch\/city\/wp-json\/wp\/v2\/posts\/1396\/revisions\/1400"}],"wp:featuredmedia":[{"embeddable":true,"href":"https:\/\/jenatschgaragen.ch\/city\/wp-json\/wp\/v2\/media\/1384"}],"wp:attachment":[{"href":"https:\/\/jenatschgaragen.ch\/city\/wp-json\/wp\/v2\/media?parent=1396"}],"wp:term":[{"taxonomy":"category","embeddable":true,"href":"https:\/\/jenatschgaragen.ch\/city\/wp-json\/wp\/v2\/categories?post=1396"},{"taxonomy":"post_tag","embeddable":true,"href":"https:\/\/jenatschgaragen.ch\/city\/wp-json\/wp\/v2\/tags?post=1396"}],"curies":[{"name":"wp","href":"https:\/\/api.w.org\/{rel}","templated":true}]}}